{"id":24093,"date":"2022-11-03T17:52:38","date_gmt":"2022-11-03T16:52:38","guid":{"rendered":"https:\/\/www.noxoceani.it\/?p=24093"},"modified":"2023-12-21T12:38:04","modified_gmt":"2023-12-21T11:38:04","slug":"nox-oceani-al-campionato-del-mondo-rs21-in-croazia","status":"publish","type":"post","link":"https:\/\/www.noxoceani.it\/es\/nox-oceani-al-campionato-del-mondo-rs21-in-croazia\/","title":{"rendered":"Nox Oceani al Campionato del Mondo RS21 in Croazia"},"content":{"rendered":"\t\t<div data-elementor-type=\"wp-post\" data-elementor-id=\"24093\" class=\"elementor elementor-24093 elementor-21288\" data-elementor-post-type=\"post\">\n\t\t\t\t\t\t<section class=\"elementor-section elementor-top-section elementor-element elementor-element-df8354d elementor-section-full_width elementor-section-height-default elementor-section-height-default sc_fly_static\" data-id=\"df8354d\" data-element_type=\"section\">\n\t\t\t\t\t\t<div class=\"elementor-container elementor-column-gap-extended\">\n\t\t\t\t\t<div class=\"elementor-column elementor-col-100 elementor-top-column elementor-element elementor-element-be31d80 sc_inner_width_none sc_content_align_inherit sc_layouts_column_icons_position_left sc_fly_static\" data-id=\"be31d80\" data-element_type=\"column\">\n\t\t\t<div class=\"elementor-widget-wrap elementor-element-populated\">\n\t\t\t\t\t\t<div class=\"elementor-element elementor-element-39895c4 elementor-widget__width-inherit sc_fly_static elementor-widget elementor-widget-heading\" data-id=\"39895c4\" data-element_type=\"widget\" data-widget_type=\"heading.default\">\n\t\t\t\t<div class=\"elementor-widget-container\">\n\t\t\t\t\t<p class=\"elementor-heading-title elementor-size-default\">3 Novembre 2022<\/p>\t\t\t\t<\/div>\n\t\t\t\t<\/div>\n\t\t\t\t<div class=\"elementor-element elementor-element-70fe781 sc_fly_static elementor-widget elementor-widget-spacer\" data-id=\"70fe781\" data-element_type=\"widget\" data-widget_type=\"spacer.default\">\n\t\t\t\t<div class=\"elementor-widget-container\">\n\t\t\t\t\t\t\t<div class=\"elementor-spacer\">\n\t\t\t<div class=\"elementor-spacer-inner\"><\/div>\n\t\t<\/div>\n\t\t\t\t\t\t<\/div>\n\t\t\t\t<\/div>\n\t\t\t\t<div class=\"elementor-element elementor-element-fc1d353 sc_fly_static elementor-widget elementor-widget-text-editor\" data-id=\"fc1d353\" data-element_type=\"widget\" data-widget_type=\"text-editor.default\">\n\t\t\t\t<div class=\"elementor-widget-container\">\n\t\t\t\t\t\t\t\t\t<p><span class=\"trx_addons_dropcap trx_addons_dropcap_style_2\">C<\/span><\/p><p>i sono anche i due equipaggi sardi di <strong>Nox Oceani<\/strong> tra i 40 iscritti al primo <strong>Campionato del Mondo RS21<\/strong>, evento velico che ha preso il via marted\u00ec 1\u00b0 novembre a <strong>Biograd na Moru<\/strong> in Croazia.<\/p><p>Si tratta degli atleti del Sailing Team fondato da <strong>Francesca de Natale<\/strong> che ha come mission il <strong>rispetto per l\u2019ambiente<\/strong> e l\u2019impegno sociale.\u00a0A sfidarsi nel mare della <strong>Croazia<\/strong> sino al prossimo 6 novembre ci sono ben <strong>160 velisti<\/strong> in rappresentanza di <strong>tredici nazioni<\/strong>.<\/p>\t\t\t\t\t\t\t\t<\/div>\n\t\t\t\t<\/div>\n\t\t\t\t<div class=\"elementor-element elementor-element-37c73fc sc_fly_static elementor-widget elementor-widget-spacer\" data-id=\"37c73fc\" data-element_type=\"widget\" data-widget_type=\"spacer.default\">\n\t\t\t\t<div class=\"elementor-widget-container\">\n\t\t\t\t\t\t\t<div class=\"elementor-spacer\">\n\t\t\t<div class=\"elementor-spacer-inner\"><\/div>\n\t\t<\/div>\n\t\t\t\t\t\t<\/div>\n\t\t\t\t<\/div>\n\t\t\t\t<div class=\"elementor-element elementor-element-0fb6251 sc_fly_static elementor-widget elementor-widget-image\" data-id=\"0fb6251\" data-element_type=\"widget\" data-widget_type=\"image.default\">\n\t\t\t\t<div class=\"elementor-widget-container\">\n\t\t\t\t\t\t\t\t\t\t\t\t\t\t\t<img fetchpriority=\"high\" decoding=\"async\" width=\"1024\" height=\"624\" src=\"https:\/\/www.noxoceani.it\/wp-content\/uploads\/2022\/11\/Screenshot-2023-03-26-alle-21.48.23-1024x624.jpg\" class=\"attachment-large size-large wp-image-21591\" alt=\"\" srcset=\"https:\/\/www.noxoceani.it\/wp-content\/uploads\/2022\/11\/Screenshot-2023-03-26-alle-21.48.23-1024x624.jpg 1024w, https:\/\/www.noxoceani.it\/wp-content\/uploads\/2022\/11\/Screenshot-2023-03-26-alle-21.48.23-300x183.jpg 300w, https:\/\/www.noxoceani.it\/wp-content\/uploads\/2022\/11\/Screenshot-2023-03-26-alle-21.48.23-768x468.jpg 768w, https:\/\/www.noxoceani.it\/wp-content\/uploads\/2022\/11\/Screenshot-2023-03-26-alle-21.48.23-1536x936.jpg 1536w, https:\/\/www.noxoceani.it\/wp-content\/uploads\/2022\/11\/Screenshot-2023-03-26-alle-21.48.23-2048x1248.jpg 2048w, https:\/\/www.noxoceani.it\/wp-content\/uploads\/2022\/11\/Screenshot-2023-03-26-alle-21.48.23-370x225.jpg 370w, https:\/\/www.noxoceani.it\/wp-content\/uploads\/2022\/11\/Screenshot-2023-03-26-alle-21.48.23-840x512.jpg 840w, https:\/\/www.noxoceani.it\/wp-content\/uploads\/2022\/11\/Screenshot-2023-03-26-alle-21.48.23-410x250.jpg 410w\" sizes=\"(max-width: 1024px) 100vw, 1024px\" \/>\t\t\t\t\t\t\t\t\t\t\t\t\t\t\t<\/div>\n\t\t\t\t<\/div>\n\t\t\t\t\t<\/div>\n\t\t<\/div>\n\t\t\t\t\t<\/div>\n\t\t<\/section>\n\t\t\t\t<section class=\"elementor-section elementor-top-section elementor-element elementor-element-f2e0eb4 elementor-section-boxed elementor-section-height-default elementor-section-height-default sc_fly_static\" data-id=\"f2e0eb4\" data-element_type=\"section\">\n\t\t\t\t\t\t<div class=\"elementor-container elementor-column-gap-extended\">\n\t\t\t\t\t<div class=\"elementor-column elementor-col-100 elementor-top-column elementor-element elementor-element-54642be sc_inner_width_none sc_content_align_inherit sc_layouts_column_icons_position_left sc_fly_static\" data-id=\"54642be\" data-element_type=\"column\">\n\t\t\t<div class=\"elementor-widget-wrap elementor-element-populated\">\n\t\t\t\t\t\t<div class=\"elementor-element elementor-element-7aa2580 sc_fly_static elementor-widget elementor-widget-spacer\" data-id=\"7aa2580\" data-element_type=\"widget\" data-widget_type=\"spacer.default\">\n\t\t\t\t<div class=\"elementor-widget-container\">\n\t\t\t\t\t\t\t<div class=\"elementor-spacer\">\n\t\t\t<div class=\"elementor-spacer-inner\"><\/div>\n\t\t<\/div>\n\t\t\t\t\t\t<\/div>\n\t\t\t\t<\/div>\n\t\t\t\t<div class=\"elementor-element elementor-element-cb1b3aa sc_fly_static elementor-widget elementor-widget-text-editor\" data-id=\"cb1b3aa\" data-element_type=\"widget\" data-widget_type=\"text-editor.default\">\n\t\t\t\t<div class=\"elementor-widget-container\">\n\t\t\t\t\t\t\t\t\t<p>Tra questi, i dieci componenti del team Nox Oceani e portacolori dello <strong>Yacht Club Cala dei Sardi<\/strong> vantano gi\u00e0 alcuni importanti primati come <strong>il pi\u00f9 giovane atleta in gara<\/strong> di questa prestigiosa competizione.\u00a0<strong>Giorgio Nocella<\/strong>, 10 anni, un promettente timoniere di <strong>Optimist<\/strong>, \u00e8 a bordo con suo padre Andrea, insieme ad Alessandro Balzani, Giuseppe Marras e Costantino Cossu, mentre i cinque componenti della seconda barca di Nox Oceani sono tutti <strong>ragazzi di et\u00e0 compresa tra i 13 ed i 21 anni<\/strong>.<\/p><p>Laura Murineddu, Andrea De Matteis, Francesco Columbano, Riccardo Serra e Ferdinand Palomba formano <strong>l\u2019equipaggio pi\u00f9 giovane<\/strong> della flotta RS21. E infine, Nox Oceani, con due barche in gara, \u00e8 il <strong>team pi\u00f9 numeroso<\/strong> di questo Campionato del Mondo.<\/p>\t\t\t\t\t\t\t\t<\/div>\n\t\t\t\t<\/div>\n\t\t\t\t<div class=\"elementor-element elementor-element-bff1cc8 sc_fly_static elementor-widget elementor-widget-spacer\" data-id=\"bff1cc8\" data-element_type=\"widget\" data-widget_type=\"spacer.default\">\n\t\t\t\t<div class=\"elementor-widget-container\">\n\t\t\t\t\t\t\t<div class=\"elementor-spacer\">\n\t\t\t<div class=\"elementor-spacer-inner\"><\/div>\n\t\t<\/div>\n\t\t\t\t\t\t<\/div>\n\t\t\t\t<\/div>\n\t\t\t\t\t<\/div>\n\t\t<\/div>\n\t\t\t\t\t<\/div>\n\t\t<\/section>\n\t\t\t\t<section class=\"elementor-section elementor-top-section elementor-element elementor-element-bbbdaa9 elementor-section-boxed elementor-section-height-default elementor-section-height-default sc_fly_static\" data-id=\"bbbdaa9\" data-element_type=\"section\">\n\t\t\t\t\t\t<div class=\"elementor-container elementor-column-gap-extended\">\n\t\t\t\t\t<div class=\"elementor-column elementor-col-100 elementor-top-column elementor-element elementor-element-261f95f sc_inner_width_none sc_content_align_inherit sc_layouts_column_icons_position_left sc_fly_static\" data-id=\"261f95f\" data-element_type=\"column\">\n\t\t\t<div class=\"elementor-widget-wrap elementor-element-populated\">\n\t\t\t\t\t\t<div class=\"elementor-element elementor-element-afc0ee0 sc_fly_static elementor-widget elementor-widget-image\" data-id=\"afc0ee0\" data-element_type=\"widget\" data-widget_type=\"image.default\">\n\t\t\t\t<div class=\"elementor-widget-container\">\n\t\t\t\t\t\t\t\t\t\t\t\t\t\t\t<img decoding=\"async\" width=\"1024\" height=\"684\" src=\"https:\/\/www.noxoceani.it\/wp-content\/uploads\/2022\/11\/DSC09837-1024x684.jpg\" class=\"attachment-large size-large wp-image-21592\" alt=\"Equipaggio della Nox su un RS21 che salutano il fotografo.\" srcset=\"https:\/\/www.noxoceani.it\/wp-content\/uploads\/2022\/11\/DSC09837-1024x684.jpg 1024w, https:\/\/www.noxoceani.it\/wp-content\/uploads\/2022\/11\/DSC09837-300x200.jpg 300w, https:\/\/www.noxoceani.it\/wp-content\/uploads\/2022\/11\/DSC09837-768x513.jpg 768w, https:\/\/www.noxoceani.it\/wp-content\/uploads\/2022\/11\/DSC09837-1536x1026.jpg 1536w, https:\/\/www.noxoceani.it\/wp-content\/uploads\/2022\/11\/DSC09837-2048x1368.jpg 2048w, https:\/\/www.noxoceani.it\/wp-content\/uploads\/2022\/11\/DSC09837-370x247.jpg 370w, https:\/\/www.noxoceani.it\/wp-content\/uploads\/2022\/11\/DSC09837-840x561.jpg 840w, https:\/\/www.noxoceani.it\/wp-content\/uploads\/2022\/11\/DSC09837-410x274.jpg 410w\" sizes=\"(max-width: 1024px) 100vw, 1024px\" \/>\t\t\t\t\t\t\t\t\t\t\t\t\t\t\t<\/div>\n\t\t\t\t<\/div>\n\t\t\t\t<div class=\"elementor-element elementor-element-b065aad sc_fly_static elementor-widget elementor-widget-spacer\" data-id=\"b065aad\" data-element_type=\"widget\" data-widget_type=\"spacer.default\">\n\t\t\t\t<div class=\"elementor-widget-container\">\n\t\t\t\t\t\t\t<div class=\"elementor-spacer\">\n\t\t\t<div class=\"elementor-spacer-inner\"><\/div>\n\t\t<\/div>\n\t\t\t\t\t\t<\/div>\n\t\t\t\t<\/div>\n\t\t\t\t<div class=\"elementor-element elementor-element-87b2151 sc_fly_static elementor-widget elementor-widget-text-editor\" data-id=\"87b2151\" data-element_type=\"widget\" data-widget_type=\"text-editor.default\">\n\t\t\t\t<div class=\"elementor-widget-container\">\n\t\t\t\t\t\t\t\t\t<p>Per Nox Oceani la vela \u00e8 il veicolo per diffondere un <strong>forte messaggio di rispetto dell\u2019ambiente<\/strong> dove i giovani atleti diventano i veri testimonial di questa mission.<br \/>Non a caso \u00e8 stato scelto l\u2019RS21, una barca moderna costruita utilizzando <strong>materiali riciclati<\/strong> e riciclabili. Il motore che la spinge dentro e fuori dal porto \u00e8 elettrico ed \u00e8 stata progettata per essere impilabile, cos\u00ec che pi\u00f9 barche possano essere trasportate insieme da un solo veicolo.<\/p><p>La RS21 International Class sceglie le localit\u00e0 dove svolgere le regate in base a principi di sostenibilit\u00e0 e rispetto dell\u2019ambiente.\u00a0\u201c<em>Essere qui in Croazia<\/em> &#8211; raccontano il Presidente di Nox Oceani <a href=\"https:\/\/www.noxoceani.it\/partnership\/\"><strong>Luca Giovannini<\/strong><\/a> e il team manager Camillo Zucconi &#8211; <em>\u00e8 la nostra prima vittoria. Il livello \u00e8 molto alto e i nostri ragazzi hanno la possibilit\u00e0 di vivere una grande esperienza. Questo primo Campionato del Mondo di classe RS21 \u00e8 gi\u00e0 un successo, ci sono i pi\u00f9 forti professionisti della vela e per noi di Nox sar\u00e0 una grande sfida considerato l\u2019altissimo livello dei regatanti. \u00c8 importante esserci e fare esperienza in vista della stagione 2023 dove il <a href=\"https:\/\/www.rs21italianclass.org\/2023\"><strong>Campionato del Mondo<\/strong><\/a> sar\u00e0 in <strong>Sardegna<\/strong><\/em>.\u201d<\/p>\t\t\t\t\t\t\t\t<\/div>\n\t\t\t\t<\/div>\n\t\t\t\t\t<\/div>\n\t\t<\/div>\n\t\t\t\t\t<\/div>\n\t\t<\/section>\n\t\t\t\t<\/div>\n\t\t","protected":false},"excerpt":{"rendered":"<p>3 Novembre 2022 C i sono anche i due equipaggi sardi di Nox Oceani tra i 40 iscritti al primo Campionato del Mondo della classe monotipo RS21, evento velico che&hellip;<\/p>\n","protected":false},"author":1,"featured_media":23436,"comment_status":"closed","ping_status":"open","sticky":false,"template":"","format":"standard","meta":{"_monsterinsights_skip_tracking":false,"_monsterinsights_sitenote_active":false,"_monsterinsights_sitenote_note":"","_monsterinsights_sitenote_category":0,"footnotes":""},"categories":[266],"tags":[],"class_list":["post-24093","post","type-post","status-publish","format-standard","has-post-thumbnail","hentry","category-noticias"],"yoast_head":"<!-- This site is optimized with the Yoast SEO plugin v24.5 - https:\/\/yoast.com\/wordpress\/plugins\/seo\/ -->\n<title>Nox Oceani al Campionato del Mondo RS21 in Croazia - Nox Oceani<\/title>\n<meta name=\"robots\" content=\"index, follow, max-snippet:-1, max-image-preview:large, max-video-preview:-1\" \/>\n<link rel=\"canonical\" href=\"https:\/\/www.noxoceani.it\/es\/nox-oceani-al-campionato-del-mondo-rs21-in-croazia\/\" \/>\n<meta property=\"og:locale\" content=\"es_ES\" \/>\n<meta property=\"og:type\" content=\"article\" \/>\n<meta property=\"og:title\" content=\"Nox Oceani al Campionato del Mondo RS21 in Croazia - Nox Oceani\" \/>\n<meta property=\"og:description\" content=\"3 Novembre 2022 C i sono anche i due equipaggi sardi di Nox Oceani tra i 40 iscritti al primo Campionato del Mondo della classe monotipo RS21, evento velico che&hellip;\" \/>\n<meta property=\"og:url\" content=\"https:\/\/www.noxoceani.it\/es\/nox-oceani-al-campionato-del-mondo-rs21-in-croazia\/\" \/>\n<meta property=\"og:site_name\" content=\"Nox Oceani\" \/>\n<meta property=\"article:published_time\" content=\"2022-11-03T16:52:38+00:00\" \/>\n<meta property=\"article:modified_time\" content=\"2023-12-21T11:38:04+00:00\" \/>\n<meta property=\"og:image\" content=\"https:\/\/www.noxoceani.it\/wp-content\/uploads\/2023\/03\/Nox-Oceani-al-Campionato-del-Mondo-RS21-in-Croazia.jpeg\" \/>\n\t<meta property=\"og:image:width\" content=\"1920\" \/>\n\t<meta property=\"og:image:height\" content=\"1080\" \/>\n\t<meta property=\"og:image:type\" content=\"image\/jpeg\" \/>\n<meta name=\"author\" content=\"Nox Oceani\" \/>\n<meta name=\"twitter:card\" content=\"summary_large_image\" \/>\n<meta name=\"twitter:label1\" content=\"Escrito por\" \/>\n\t<meta name=\"twitter:data1\" content=\"Nox Oceani\" \/>\n\t<meta name=\"twitter:label2\" content=\"Tiempo de lectura\" \/>\n\t<meta name=\"twitter:data2\" content=\"3 minutos\" \/>\n<script type=\"application\/ld+json\" class=\"yoast-schema-graph\">{\"@context\":\"https:\/\/schema.org\",\"@graph\":[{\"@type\":\"Article\",\"@id\":\"https:\/\/www.noxoceani.it\/es\/nox-oceani-al-campionato-del-mondo-rs21-in-croazia\/#article\",\"isPartOf\":{\"@id\":\"https:\/\/www.noxoceani.it\/es\/nox-oceani-al-campionato-del-mondo-rs21-in-croazia\/\"},\"author\":{\"name\":\"Nox Oceani\",\"@id\":\"https:\/\/www.noxoceani.it\/#\/schema\/person\/b67400d9451b004cebd7e997a7b080d5\"},\"headline\":\"Nox Oceani al Campionato del Mondo RS21 in Croazia\",\"datePublished\":\"2022-11-03T16:52:38+00:00\",\"dateModified\":\"2023-12-21T11:38:04+00:00\",\"mainEntityOfPage\":{\"@id\":\"https:\/\/www.noxoceani.it\/es\/nox-oceani-al-campionato-del-mondo-rs21-in-croazia\/\"},\"wordCount\":391,\"publisher\":{\"@id\":\"https:\/\/www.noxoceani.it\/#organization\"},\"image\":{\"@id\":\"https:\/\/www.noxoceani.it\/es\/nox-oceani-al-campionato-del-mondo-rs21-in-croazia\/#primaryimage\"},\"thumbnailUrl\":\"https:\/\/www.noxoceani.it\/wp-content\/uploads\/2023\/03\/Nox-Oceani-al-Campionato-del-Mondo-RS21-in-Croazia.jpeg\",\"articleSection\":[\"Noticias\"],\"inLanguage\":\"es\"},{\"@type\":\"WebPage\",\"@id\":\"https:\/\/www.noxoceani.it\/es\/nox-oceani-al-campionato-del-mondo-rs21-in-croazia\/\",\"url\":\"https:\/\/www.noxoceani.it\/es\/nox-oceani-al-campionato-del-mondo-rs21-in-croazia\/\",\"name\":\"Nox Oceani al Campionato del Mondo RS21 in Croazia - Nox Oceani\",\"isPartOf\":{\"@id\":\"https:\/\/www.noxoceani.it\/#website\"},\"primaryImageOfPage\":{\"@id\":\"https:\/\/www.noxoceani.it\/es\/nox-oceani-al-campionato-del-mondo-rs21-in-croazia\/#primaryimage\"},\"image\":{\"@id\":\"https:\/\/www.noxoceani.it\/es\/nox-oceani-al-campionato-del-mondo-rs21-in-croazia\/#primaryimage\"},\"thumbnailUrl\":\"https:\/\/www.noxoceani.it\/wp-content\/uploads\/2023\/03\/Nox-Oceani-al-Campionato-del-Mondo-RS21-in-Croazia.jpeg\",\"datePublished\":\"2022-11-03T16:52:38+00:00\",\"dateModified\":\"2023-12-21T11:38:04+00:00\",\"breadcrumb\":{\"@id\":\"https:\/\/www.noxoceani.it\/es\/nox-oceani-al-campionato-del-mondo-rs21-in-croazia\/#breadcrumb\"},\"inLanguage\":\"es\",\"potentialAction\":[{\"@type\":\"ReadAction\",\"target\":[\"https:\/\/www.noxoceani.it\/es\/nox-oceani-al-campionato-del-mondo-rs21-in-croazia\/\"]}]},{\"@type\":\"ImageObject\",\"inLanguage\":\"es\",\"@id\":\"https:\/\/www.noxoceani.it\/es\/nox-oceani-al-campionato-del-mondo-rs21-in-croazia\/#primaryimage\",\"url\":\"https:\/\/www.noxoceani.it\/wp-content\/uploads\/2023\/03\/Nox-Oceani-al-Campionato-del-Mondo-RS21-in-Croazia.jpeg\",\"contentUrl\":\"https:\/\/www.noxoceani.it\/wp-content\/uploads\/2023\/03\/Nox-Oceani-al-Campionato-del-Mondo-RS21-in-Croazia.jpeg\",\"width\":1920,\"height\":1080},{\"@type\":\"BreadcrumbList\",\"@id\":\"https:\/\/www.noxoceani.it\/es\/nox-oceani-al-campionato-del-mondo-rs21-in-croazia\/#breadcrumb\",\"itemListElement\":[{\"@type\":\"ListItem\",\"position\":1,\"name\":\"Home\",\"item\":\"https:\/\/www.noxoceani.it\/es\/\"},{\"@type\":\"ListItem\",\"position\":2,\"name\":\"Nox Oceani al Campionato del Mondo RS21 in Croazia\"}]},{\"@type\":\"WebSite\",\"@id\":\"https:\/\/www.noxoceani.it\/#website\",\"url\":\"https:\/\/www.noxoceani.it\/\",\"name\":\"Nox Oceani\",\"description\":\"Rispetto dell&#039;ambiente tramite la vela\",\"publisher\":{\"@id\":\"https:\/\/www.noxoceani.it\/#organization\"},\"potentialAction\":[{\"@type\":\"SearchAction\",\"target\":{\"@type\":\"EntryPoint\",\"urlTemplate\":\"https:\/\/www.noxoceani.it\/?s={search_term_string}\"},\"query-input\":{\"@type\":\"PropertyValueSpecification\",\"valueRequired\":true,\"valueName\":\"search_term_string\"}}],\"inLanguage\":\"es\"},{\"@type\":\"Organization\",\"@id\":\"https:\/\/www.noxoceani.it\/#organization\",\"name\":\"Nox Oceani\",\"alternateName\":\"Nox Oceani\",\"url\":\"https:\/\/www.noxoceani.it\/\",\"logo\":{\"@type\":\"ImageObject\",\"inLanguage\":\"es\",\"@id\":\"https:\/\/www.noxoceani.it\/#\/schema\/logo\/image\/\",\"url\":\"https:\/\/www.noxoceani.it\/wp-content\/uploads\/2023\/01\/nox-logo.png\",\"contentUrl\":\"https:\/\/www.noxoceani.it\/wp-content\/uploads\/2023\/01\/nox-logo.png\",\"width\":500,\"height\":500,\"caption\":\"Nox Oceani\"},\"image\":{\"@id\":\"https:\/\/www.noxoceani.it\/#\/schema\/logo\/image\/\"}},{\"@type\":\"Person\",\"@id\":\"https:\/\/www.noxoceani.it\/#\/schema\/person\/b67400d9451b004cebd7e997a7b080d5\",\"name\":\"Nox Oceani\",\"image\":{\"@type\":\"ImageObject\",\"inLanguage\":\"es\",\"@id\":\"https:\/\/www.noxoceani.it\/#\/schema\/person\/image\/\",\"url\":\"https:\/\/www.noxoceani.it\/wp-content\/uploads\/2023\/01\/favicon-120x120.jpg\",\"contentUrl\":\"https:\/\/www.noxoceani.it\/wp-content\/uploads\/2023\/01\/favicon-120x120.jpg\",\"caption\":\"Nox Oceani\"},\"sameAs\":[\"https:\/\/www.noxoceani.it\"],\"url\":\"https:\/\/www.noxoceani.it\/es\/author\/n0x0c34n1\/\"}]}<\/script>\n<!-- \/ Yoast SEO plugin. -->","yoast_head_json":{"title":"Nox Oceani al Campionato del Mondo RS21 in Croazia - Nox Oceani","robots":{"index":"index","follow":"follow","max-snippet":"max-snippet:-1","max-image-preview":"max-image-preview:large","max-video-preview":"max-video-preview:-1"},"canonical":"https:\/\/www.noxoceani.it\/es\/nox-oceani-al-campionato-del-mondo-rs21-in-croazia\/","og_locale":"es_ES","og_type":"article","og_title":"Nox Oceani al Campionato del Mondo RS21 in Croazia - Nox Oceani","og_description":"3 Novembre 2022 C i sono anche i due equipaggi sardi di Nox Oceani tra i 40 iscritti al primo Campionato del Mondo della classe monotipo RS21, evento velico che&hellip;","og_url":"https:\/\/www.noxoceani.it\/es\/nox-oceani-al-campionato-del-mondo-rs21-in-croazia\/","og_site_name":"Nox Oceani","article_published_time":"2022-11-03T16:52:38+00:00","article_modified_time":"2023-12-21T11:38:04+00:00","og_image":[{"width":1920,"height":1080,"url":"https:\/\/www.noxoceani.it\/wp-content\/uploads\/2023\/03\/Nox-Oceani-al-Campionato-del-Mondo-RS21-in-Croazia.jpeg","type":"image\/jpeg"}],"author":"Nox Oceani","twitter_card":"summary_large_image","twitter_misc":{"Escrito por":"Nox Oceani","Tiempo de lectura":"3 minutos"},"schema":{"@context":"https:\/\/schema.org","@graph":[{"@type":"Article","@id":"https:\/\/www.noxoceani.it\/es\/nox-oceani-al-campionato-del-mondo-rs21-in-croazia\/#article","isPartOf":{"@id":"https:\/\/www.noxoceani.it\/es\/nox-oceani-al-campionato-del-mondo-rs21-in-croazia\/"},"author":{"name":"Nox Oceani","@id":"https:\/\/www.noxoceani.it\/#\/schema\/person\/b67400d9451b004cebd7e997a7b080d5"},"headline":"Nox Oceani al Campionato del Mondo RS21 in Croazia","datePublished":"2022-11-03T16:52:38+00:00","dateModified":"2023-12-21T11:38:04+00:00","mainEntityOfPage":{"@id":"https:\/\/www.noxoceani.it\/es\/nox-oceani-al-campionato-del-mondo-rs21-in-croazia\/"},"wordCount":391,"publisher":{"@id":"https:\/\/www.noxoceani.it\/#organization"},"image":{"@id":"https:\/\/www.noxoceani.it\/es\/nox-oceani-al-campionato-del-mondo-rs21-in-croazia\/#primaryimage"},"thumbnailUrl":"https:\/\/www.noxoceani.it\/wp-content\/uploads\/2023\/03\/Nox-Oceani-al-Campionato-del-Mondo-RS21-in-Croazia.jpeg","articleSection":["Noticias"],"inLanguage":"es"},{"@type":"WebPage","@id":"https:\/\/www.noxoceani.it\/es\/nox-oceani-al-campionato-del-mondo-rs21-in-croazia\/","url":"https:\/\/www.noxoceani.it\/es\/nox-oceani-al-campionato-del-mondo-rs21-in-croazia\/","name":"Nox Oceani al Campionato del Mondo RS21 in Croazia - Nox Oceani","isPartOf":{"@id":"https:\/\/www.noxoceani.it\/#website"},"primaryImageOfPage":{"@id":"https:\/\/www.noxoceani.it\/es\/nox-oceani-al-campionato-del-mondo-rs21-in-croazia\/#primaryimage"},"image":{"@id":"https:\/\/www.noxoceani.it\/es\/nox-oceani-al-campionato-del-mondo-rs21-in-croazia\/#primaryimage"},"thumbnailUrl":"https:\/\/www.noxoceani.it\/wp-content\/uploads\/2023\/03\/Nox-Oceani-al-Campionato-del-Mondo-RS21-in-Croazia.jpeg","datePublished":"2022-11-03T16:52:38+00:00","dateModified":"2023-12-21T11:38:04+00:00","breadcrumb":{"@id":"https:\/\/www.noxoceani.it\/es\/nox-oceani-al-campionato-del-mondo-rs21-in-croazia\/#breadcrumb"},"inLanguage":"es","potentialAction":[{"@type":"ReadAction","target":["https:\/\/www.noxoceani.it\/es\/nox-oceani-al-campionato-del-mondo-rs21-in-croazia\/"]}]},{"@type":"ImageObject","inLanguage":"es","@id":"https:\/\/www.noxoceani.it\/es\/nox-oceani-al-campionato-del-mondo-rs21-in-croazia\/#primaryimage","url":"https:\/\/www.noxoceani.it\/wp-content\/uploads\/2023\/03\/Nox-Oceani-al-Campionato-del-Mondo-RS21-in-Croazia.jpeg","contentUrl":"https:\/\/www.noxoceani.it\/wp-content\/uploads\/2023\/03\/Nox-Oceani-al-Campionato-del-Mondo-RS21-in-Croazia.jpeg","width":1920,"height":1080},{"@type":"BreadcrumbList","@id":"https:\/\/www.noxoceani.it\/es\/nox-oceani-al-campionato-del-mondo-rs21-in-croazia\/#breadcrumb","itemListElement":[{"@type":"ListItem","position":1,"name":"Home","item":"https:\/\/www.noxoceani.it\/es\/"},{"@type":"ListItem","position":2,"name":"Nox Oceani al Campionato del Mondo RS21 in Croazia"}]},{"@type":"WebSite","@id":"https:\/\/www.noxoceani.it\/#website","url":"https:\/\/www.noxoceani.it\/","name":"Nox Oceani","description":"Rispetto dell&#039;ambiente tramite la vela","publisher":{"@id":"https:\/\/www.noxoceani.it\/#organization"},"potentialAction":[{"@type":"SearchAction","target":{"@type":"EntryPoint","urlTemplate":"https:\/\/www.noxoceani.it\/?s={search_term_string}"},"query-input":{"@type":"PropertyValueSpecification","valueRequired":true,"valueName":"search_term_string"}}],"inLanguage":"es"},{"@type":"Organization","@id":"https:\/\/www.noxoceani.it\/#organization","name":"Nox Oceani","alternateName":"Nox Oceani","url":"https:\/\/www.noxoceani.it\/","logo":{"@type":"ImageObject","inLanguage":"es","@id":"https:\/\/www.noxoceani.it\/#\/schema\/logo\/image\/","url":"https:\/\/www.noxoceani.it\/wp-content\/uploads\/2023\/01\/nox-logo.png","contentUrl":"https:\/\/www.noxoceani.it\/wp-content\/uploads\/2023\/01\/nox-logo.png","width":500,"height":500,"caption":"Nox Oceani"},"image":{"@id":"https:\/\/www.noxoceani.it\/#\/schema\/logo\/image\/"}},{"@type":"Person","@id":"https:\/\/www.noxoceani.it\/#\/schema\/person\/b67400d9451b004cebd7e997a7b080d5","name":"Nox Oceani","image":{"@type":"ImageObject","inLanguage":"es","@id":"https:\/\/www.noxoceani.it\/#\/schema\/person\/image\/","url":"https:\/\/www.noxoceani.it\/wp-content\/uploads\/2023\/01\/favicon-120x120.jpg","contentUrl":"https:\/\/www.noxoceani.it\/wp-content\/uploads\/2023\/01\/favicon-120x120.jpg","caption":"Nox Oceani"},"sameAs":["https:\/\/www.noxoceani.it"],"url":"https:\/\/www.noxoceani.it\/es\/author\/n0x0c34n1\/"}]}},"_links":{"self":[{"href":"https:\/\/www.noxoceani.it\/es\/wp-json\/wp\/v2\/posts\/24093","targetHints":{"allow":["GET"]}}],"collection":[{"href":"https:\/\/www.noxoceani.it\/es\/wp-json\/wp\/v2\/posts"}],"about":[{"href":"https:\/\/www.noxoceani.it\/es\/wp-json\/wp\/v2\/types\/post"}],"author":[{"embeddable":true,"href":"https:\/\/www.noxoceani.it\/es\/wp-json\/wp\/v2\/users\/1"}],"replies":[{"embeddable":true,"href":"https:\/\/www.noxoceani.it\/es\/wp-json\/wp\/v2\/comments?post=24093"}],"version-history":[{"count":1,"href":"https:\/\/www.noxoceani.it\/es\/wp-json\/wp\/v2\/posts\/24093\/revisions"}],"predecessor-version":[{"id":24094,"href":"https:\/\/www.noxoceani.it\/es\/wp-json\/wp\/v2\/posts\/24093\/revisions\/24094"}],"wp:featuredmedia":[{"embeddable":true,"href":"https:\/\/www.noxoceani.it\/es\/wp-json\/wp\/v2\/media\/23436"}],"wp:attachment":[{"href":"https:\/\/www.noxoceani.it\/es\/wp-json\/wp\/v2\/media?parent=24093"}],"wp:term":[{"taxonomy":"category","embeddable":true,"href":"https:\/\/www.noxoceani.it\/es\/wp-json\/wp\/v2\/categories?post=24093"},{"taxonomy":"post_tag","embeddable":true,"href":"https:\/\/www.noxoceani.it\/es\/wp-json\/wp\/v2\/tags?post=24093"}],"curies":[{"name":"wp","href":"https:\/\/api.w.org\/{rel}","templated":true}]}}