{"id":24059,"date":"2023-08-22T17:01:39","date_gmt":"2023-08-22T15:01:39","guid":{"rendered":"https:\/\/www.noxoceani.it\/?p=24059"},"modified":"2023-12-21T11:53:46","modified_gmt":"2023-12-21T10:53:46","slug":"vela-cup-cala-dei-sardi-grande-risultato-per-nox-oceani","status":"publish","type":"post","link":"https:\/\/www.noxoceani.it\/es\/vela-cup-cala-dei-sardi-grande-risultato-per-nox-oceani\/","title":{"rendered":"Vela Cup Cala dei Sardi, grande risultato per Nox Oceani"},"content":{"rendered":"\t\t<div data-elementor-type=\"wp-post\" data-elementor-id=\"24059\" class=\"elementor elementor-24059 elementor-22412\" data-elementor-post-type=\"post\">\n\t\t\t\t\t\t<section class=\"elementor-section elementor-top-section elementor-element elementor-element-df8354d elementor-section-full_width elementor-section-height-default elementor-section-height-default sc_fly_static\" data-id=\"df8354d\" data-element_type=\"section\">\n\t\t\t\t\t\t<div class=\"elementor-container elementor-column-gap-extended\">\n\t\t\t\t\t<div class=\"elementor-column elementor-col-100 elementor-top-column elementor-element elementor-element-be31d80 sc_inner_width_none sc_content_align_inherit sc_layouts_column_icons_position_left sc_fly_static\" data-id=\"be31d80\" data-element_type=\"column\">\n\t\t\t<div class=\"elementor-widget-wrap elementor-element-populated\">\n\t\t\t\t\t\t<div class=\"elementor-element elementor-element-39895c4 elementor-widget__width-inherit sc_fly_static elementor-widget elementor-widget-heading\" data-id=\"39895c4\" data-element_type=\"widget\" data-widget_type=\"heading.default\">\n\t\t\t\t<div class=\"elementor-widget-container\">\n\t\t\t\t\t<p class=\"elementor-heading-title elementor-size-default\">22 Agosto 2023<\/p>\t\t\t\t<\/div>\n\t\t\t\t<\/div>\n\t\t\t\t<div class=\"elementor-element elementor-element-70fe781 sc_fly_static elementor-widget elementor-widget-spacer\" data-id=\"70fe781\" data-element_type=\"widget\" data-widget_type=\"spacer.default\">\n\t\t\t\t<div class=\"elementor-widget-container\">\n\t\t\t\t\t\t\t<div class=\"elementor-spacer\">\n\t\t\t<div class=\"elementor-spacer-inner\"><\/div>\n\t\t<\/div>\n\t\t\t\t\t\t<\/div>\n\t\t\t\t<\/div>\n\t\t\t\t<div class=\"elementor-element elementor-element-fc1d353 sc_fly_static elementor-widget elementor-widget-text-editor\" data-id=\"fc1d353\" data-element_type=\"widget\" data-widget_type=\"text-editor.default\">\n\t\t\t\t<div class=\"elementor-widget-container\">\n\t\t\t\t\t\t\t\t\t<p><span class=\"trx_addons_dropcap trx_addons_dropcap_style_2\">I<\/span><\/p><p>l <b>Vela Cup Cala dei Sardi<\/b> \u00e8 la vera festa della vela e <b>Nox Ocean<\/b>i non poteva certo mancare, soprattutto perch\u00e9, dopo l\u2019agonismo, lo spirito del team \u00e8 quello del divertimento e, in pi\u00f9, il percorso di regata \u00e8 di casa.<span class=\"Apple-converted-space\">\u00a0<\/span><\/p>\t\t\t\t\t\t\t\t<\/div>\n\t\t\t\t<\/div>\n\t\t\t\t<div class=\"elementor-element elementor-element-37c73fc sc_fly_static elementor-widget elementor-widget-spacer\" data-id=\"37c73fc\" data-element_type=\"widget\" data-widget_type=\"spacer.default\">\n\t\t\t\t<div class=\"elementor-widget-container\">\n\t\t\t\t\t\t\t<div class=\"elementor-spacer\">\n\t\t\t<div class=\"elementor-spacer-inner\"><\/div>\n\t\t<\/div>\n\t\t\t\t\t\t<\/div>\n\t\t\t\t<\/div>\n\t\t\t\t\t<\/div>\n\t\t<\/div>\n\t\t\t\t\t<\/div>\n\t\t<\/section>\n\t\t\t\t<section class=\"elementor-section elementor-top-section elementor-element elementor-element-f2e0eb4 elementor-section-boxed elementor-section-height-default elementor-section-height-default sc_fly_static\" data-id=\"f2e0eb4\" data-element_type=\"section\">\n\t\t\t\t\t\t<div class=\"elementor-container elementor-column-gap-extended\">\n\t\t\t\t\t<div class=\"elementor-column elementor-col-100 elementor-top-column elementor-element elementor-element-54642be sc_inner_width_none sc_content_align_inherit sc_layouts_column_icons_position_left sc_fly_static\" data-id=\"54642be\" data-element_type=\"column\">\n\t\t\t<div class=\"elementor-widget-wrap elementor-element-populated\">\n\t\t\t\t\t\t<div class=\"elementor-element elementor-element-0fb6251 sc_fly_static elementor-widget elementor-widget-image\" data-id=\"0fb6251\" data-element_type=\"widget\" data-widget_type=\"image.default\">\n\t\t\t\t<div class=\"elementor-widget-container\">\n\t\t\t\t\t\t\t\t\t\t\t\t\t\t\t<img fetchpriority=\"high\" decoding=\"async\" width=\"857\" height=\"1024\" src=\"https:\/\/www.noxoceani.it\/wp-content\/uploads\/2023\/08\/074-vela-cup-2-857x1024.jpg\" class=\"attachment-large size-large wp-image-22421\" alt=\"\" srcset=\"https:\/\/www.noxoceani.it\/wp-content\/uploads\/2023\/08\/074-vela-cup-2-857x1024.jpg 857w, https:\/\/www.noxoceani.it\/wp-content\/uploads\/2023\/08\/074-vela-cup-2-251x300.jpg 251w, https:\/\/www.noxoceani.it\/wp-content\/uploads\/2023\/08\/074-vela-cup-2-768x918.jpg 768w, https:\/\/www.noxoceani.it\/wp-content\/uploads\/2023\/08\/074-vela-cup-2-1713x2048.jpg 1713w, https:\/\/www.noxoceani.it\/wp-content\/uploads\/2023\/08\/074-vela-cup-2-370x442.jpg 370w, https:\/\/www.noxoceani.it\/wp-content\/uploads\/2023\/08\/074-vela-cup-2-840x1004.jpg 840w, https:\/\/www.noxoceani.it\/wp-content\/uploads\/2023\/08\/074-vela-cup-2-410x490.jpg 410w\" sizes=\"(max-width: 857px) 100vw, 857px\" \/>\t\t\t\t\t\t\t\t\t\t\t\t\t\t\t<\/div>\n\t\t\t\t<\/div>\n\t\t\t\t<div class=\"elementor-element elementor-element-7aa2580 sc_fly_static elementor-widget elementor-widget-spacer\" data-id=\"7aa2580\" data-element_type=\"widget\" data-widget_type=\"spacer.default\">\n\t\t\t\t<div class=\"elementor-widget-container\">\n\t\t\t\t\t\t\t<div class=\"elementor-spacer\">\n\t\t\t<div class=\"elementor-spacer-inner\"><\/div>\n\t\t<\/div>\n\t\t\t\t\t\t<\/div>\n\t\t\t\t<\/div>\n\t\t\t\t<div class=\"elementor-element elementor-element-cb1b3aa sc_fly_static elementor-widget elementor-widget-text-editor\" data-id=\"cb1b3aa\" data-element_type=\"widget\" data-widget_type=\"text-editor.default\">\n\t\t\t\t<div class=\"elementor-widget-container\">\n\t\t\t\t\t\t\t\t\t<p>La scorsa domenica Nox Oceani ha partecipato al Vela Cup da <b>\u201cdefender\u201d<\/b>, considerato che nell\u2019<b>edizione 2022<\/b> aveva conquistato il primo gradino del podio surclassando tutti. Quest\u2019anno per\u00f2 c\u2019erano molti top team a sfidare i due <b>RS21<\/b> Nox Oceani e, soprattutto tante barche di dimensioni importanti.<\/p><p>Nel percorso di circa 10 miglia, con partenza da Porto Rotondo, bolina sino alla boa a nord di Mortoriotto e arrivo a Cala dei Sardi, ad avere la meglio \u00e8 stato il <b>Melges 32<\/b> <b>Mascalzone Latino<\/b> di Vincenzo Onorato. Gli RS21 del team Nox si sono comunque ben distinti nella flotta di oltre 40 barche di ogni genere e tipo che si sono date battaglia nel Golfo di Cugnana.<\/p>\t\t\t\t\t\t\t\t<\/div>\n\t\t\t\t<\/div>\n\t\t\t\t<div class=\"elementor-element elementor-element-bff1cc8 sc_fly_static elementor-widget elementor-widget-spacer\" data-id=\"bff1cc8\" data-element_type=\"widget\" data-widget_type=\"spacer.default\">\n\t\t\t\t<div class=\"elementor-widget-container\">\n\t\t\t\t\t\t\t<div class=\"elementor-spacer\">\n\t\t\t<div class=\"elementor-spacer-inner\"><\/div>\n\t\t<\/div>\n\t\t\t\t\t\t<\/div>\n\t\t\t\t<\/div>\n\t\t\t\t<div class=\"elementor-element elementor-element-0e54b39 sc_fly_static elementor-widget elementor-widget-image\" data-id=\"0e54b39\" data-element_type=\"widget\" data-widget_type=\"image.default\">\n\t\t\t\t<div class=\"elementor-widget-container\">\n\t\t\t\t\t\t\t\t\t\t\t\t\t\t\t<img decoding=\"async\" width=\"1024\" height=\"907\" src=\"https:\/\/www.noxoceani.it\/wp-content\/uploads\/2023\/08\/071-vela-cup-2-1024x907.jpg\" class=\"attachment-large size-large wp-image-22425\" alt=\"\" srcset=\"https:\/\/www.noxoceani.it\/wp-content\/uploads\/2023\/08\/071-vela-cup-2-1024x907.jpg 1024w, https:\/\/www.noxoceani.it\/wp-content\/uploads\/2023\/08\/071-vela-cup-2-300x266.jpg 300w, https:\/\/www.noxoceani.it\/wp-content\/uploads\/2023\/08\/071-vela-cup-2-768x680.jpg 768w, https:\/\/www.noxoceani.it\/wp-content\/uploads\/2023\/08\/071-vela-cup-2-2048x1813.jpg 2048w, https:\/\/www.noxoceani.it\/wp-content\/uploads\/2023\/08\/071-vela-cup-2-370x328.jpg 370w, https:\/\/www.noxoceani.it\/wp-content\/uploads\/2023\/08\/071-vela-cup-2-840x744.jpg 840w, https:\/\/www.noxoceani.it\/wp-content\/uploads\/2023\/08\/071-vela-cup-2-410x363.jpg 410w\" sizes=\"(max-width: 1024px) 100vw, 1024px\" \/>\t\t\t\t\t\t\t\t\t\t\t\t\t\t\t<\/div>\n\t\t\t\t<\/div>\n\t\t\t\t<div class=\"elementor-element elementor-element-7405a9d sc_fly_static elementor-widget elementor-widget-spacer\" data-id=\"7405a9d\" data-element_type=\"widget\" data-widget_type=\"spacer.default\">\n\t\t\t\t<div class=\"elementor-widget-container\">\n\t\t\t\t\t\t\t<div class=\"elementor-spacer\">\n\t\t\t<div class=\"elementor-spacer-inner\"><\/div>\n\t\t<\/div>\n\t\t\t\t\t\t<\/div>\n\t\t\t\t<\/div>\n\t\t\t\t<div class=\"elementor-element elementor-element-330c540 sc_fly_static elementor-widget elementor-widget-heading\" data-id=\"330c540\" data-element_type=\"widget\" data-widget_type=\"heading.default\">\n\t\t\t\t<div class=\"elementor-widget-container\">\n\t\t\t\t\t<h2 class=\"elementor-heading-title elementor-size-default\">Nox Oceani vince la categoria SportBoat<\/h2>\t\t\t\t<\/div>\n\t\t\t\t<\/div>\n\t\t\t\t<div class=\"elementor-element elementor-element-aa2cf32 sc_fly_static elementor-widget elementor-widget-spacer\" data-id=\"aa2cf32\" data-element_type=\"widget\" data-widget_type=\"spacer.default\">\n\t\t\t\t<div class=\"elementor-widget-container\">\n\t\t\t\t\t\t\t<div class=\"elementor-spacer\">\n\t\t\t<div class=\"elementor-spacer-inner\"><\/div>\n\t\t<\/div>\n\t\t\t\t\t\t<\/div>\n\t\t\t\t<\/div>\n\t\t\t\t<div class=\"elementor-element elementor-element-fea8690 sc_fly_static elementor-widget elementor-widget-text-editor\" data-id=\"fea8690\" data-element_type=\"widget\" data-widget_type=\"text-editor.default\">\n\t\t\t\t<div class=\"elementor-widget-container\">\n\t\t\t\t\t\t\t\t\t<p><b>I due RS21 Nox Oceani si sono infatti aggiudicati il primo ed il secondo gradino del podio della categoria SportBoat 1<\/b>, una sfida entusiasmante per per aggiudicarsi il derby. A vincerla \u00e8 stato l\u2019equipaggio Nox Oceani 1 composto dal fondatore del team <b>Pier Andrea Nocella<\/b> con i figli Giorgio e Marco, Riccardo Serra, <b>Francesco Columbano in qualit\u00e0 di tattico<\/b> e Luca Giovannini. Su Nox Oceani 2, arrivato pochi minuti dopo sul traguardo, erano presenti <b>Andrea De Matteis<\/b>, Laura Murineddu, Salvatore Garippa e <b>Ferdinand Palomba<\/b>. A premiare entrambe gli equipaggi sul podio del Vela Cup il Presidente della III Zona FIV, <strong>Corrado Fara<\/strong>.<\/p><p>Una grande soddisfazione per tutto il team, portabandiera di <b>valori importanti come lo sport e la sostenibilit\u00e0<\/b>. In questi giorni il team, sotto la guida del coach <b>Camillo Zucconi<\/b>, si sta allenando in vista del <b><a href=\"https:\/\/www.rs21italianclass.org\/rs21worldchampionship2023\">Campionato del Mondo RS21<\/a> che si terr\u00e0 a Porto Rotondo dal 27 al 30 settembre<\/b>. Una competizione importante a cui Nox Oceani sar\u00e0 presente con 3 barche, <b>unici equipaggi in rappresentanza della Sardegna<\/b>.<\/p>\t\t\t\t\t\t\t\t<\/div>\n\t\t\t\t<\/div>\n\t\t\t\t<div class=\"elementor-element elementor-element-b069cbd sc_fly_static elementor-widget elementor-widget-spacer\" data-id=\"b069cbd\" data-element_type=\"widget\" data-widget_type=\"spacer.default\">\n\t\t\t\t<div class=\"elementor-widget-container\">\n\t\t\t\t\t\t\t<div class=\"elementor-spacer\">\n\t\t\t<div class=\"elementor-spacer-inner\"><\/div>\n\t\t<\/div>\n\t\t\t\t\t\t<\/div>\n\t\t\t\t<\/div>\n\t\t\t\t<div class=\"elementor-element elementor-element-fb6326a sc_fly_static elementor-widget elementor-widget-image\" data-id=\"fb6326a\" data-element_type=\"widget\" data-widget_type=\"image.default\">\n\t\t\t\t<div class=\"elementor-widget-container\">\n\t\t\t\t\t\t\t\t\t\t\t\t\t\t\t<img decoding=\"async\" width=\"900\" height=\"601\" src=\"https:\/\/www.noxoceani.it\/wp-content\/uploads\/2023\/08\/VELA-Cup-Costa-Smeralda-84.jpeg\" class=\"attachment-large size-large wp-image-22450\" alt=\"\" srcset=\"https:\/\/www.noxoceani.it\/wp-content\/uploads\/2023\/08\/VELA-Cup-Costa-Smeralda-84.jpeg 900w, https:\/\/www.noxoceani.it\/wp-content\/uploads\/2023\/08\/VELA-Cup-Costa-Smeralda-84-300x200.jpeg 300w, https:\/\/www.noxoceani.it\/wp-content\/uploads\/2023\/08\/VELA-Cup-Costa-Smeralda-84-768x513.jpeg 768w, https:\/\/www.noxoceani.it\/wp-content\/uploads\/2023\/08\/VELA-Cup-Costa-Smeralda-84-370x247.jpeg 370w, https:\/\/www.noxoceani.it\/wp-content\/uploads\/2023\/08\/VELA-Cup-Costa-Smeralda-84-840x561.jpeg 840w, https:\/\/www.noxoceani.it\/wp-content\/uploads\/2023\/08\/VELA-Cup-Costa-Smeralda-84-410x274.jpeg 410w\" sizes=\"(max-width: 900px) 100vw, 900px\" \/>\t\t\t\t\t\t\t\t\t\t\t\t\t\t\t<\/div>\n\t\t\t\t<\/div>\n\t\t\t\t\t<\/div>\n\t\t<\/div>\n\t\t\t\t\t<\/div>\n\t\t<\/section>\n\t\t\t\t<\/div>\n\t\t","protected":false},"excerpt":{"rendered":"<p>22 Agosto 2023 I l Vela Cup Cala dei Sardi \u00e8 la vera festa della vela e Nox Oceani non poteva certo mancare, soprattutto perch\u00e9, dopo l\u2019agonismo, lo spirito del&hellip;<\/p>\n","protected":false},"author":1,"featured_media":23632,"comment_status":"closed","ping_status":"open","sticky":false,"template":"","format":"standard","meta":{"_monsterinsights_skip_tracking":false,"_monsterinsights_sitenote_active":false,"_monsterinsights_sitenote_note":"","_monsterinsights_sitenote_category":0,"footnotes":""},"categories":[266],"tags":[],"class_list":["post-24059","post","type-post","status-publish","format-standard","has-post-thumbnail","hentry","category-noticias"],"yoast_head":"<!-- This site is optimized with the Yoast SEO plugin v24.5 - https:\/\/yoast.com\/wordpress\/plugins\/seo\/ -->\n<title>Vela Cup Cala dei Sardi, grande risultato per Nox Oceani - Nox Oceani<\/title>\n<meta name=\"robots\" content=\"index, follow, max-snippet:-1, max-image-preview:large, max-video-preview:-1\" \/>\n<link rel=\"canonical\" href=\"https:\/\/www.noxoceani.it\/es\/vela-cup-cala-dei-sardi-grande-risultato-per-nox-oceani\/\" \/>\n<meta property=\"og:locale\" content=\"es_ES\" \/>\n<meta property=\"og:type\" content=\"article\" \/>\n<meta property=\"og:title\" content=\"Vela Cup Cala dei Sardi, grande risultato per Nox Oceani - Nox Oceani\" \/>\n<meta property=\"og:description\" content=\"22 Agosto 2023 I l Vela Cup Cala dei Sardi \u00e8 la vera festa della vela e Nox Oceani non poteva certo mancare, soprattutto perch\u00e9, dopo l\u2019agonismo, lo spirito del&hellip;\" \/>\n<meta property=\"og:url\" content=\"https:\/\/www.noxoceani.it\/es\/vela-cup-cala-dei-sardi-grande-risultato-per-nox-oceani\/\" \/>\n<meta property=\"og:site_name\" content=\"Nox Oceani\" \/>\n<meta property=\"article:published_time\" content=\"2023-08-22T15:01:39+00:00\" \/>\n<meta property=\"article:modified_time\" content=\"2023-12-21T10:53:46+00:00\" \/>\n<meta property=\"og:image\" content=\"https:\/\/www.noxoceani.it\/wp-content\/uploads\/2023\/08\/bf500e64-b8b3-45d9-8154-89b8cd7d8585.jpg\" \/>\n\t<meta property=\"og:image:width\" content=\"1511\" \/>\n\t<meta property=\"og:image:height\" content=\"850\" \/>\n\t<meta property=\"og:image:type\" content=\"image\/jpeg\" \/>\n<meta name=\"author\" content=\"Nox Oceani\" \/>\n<meta name=\"twitter:card\" content=\"summary_large_image\" \/>\n<meta name=\"twitter:label1\" content=\"Escrito por\" \/>\n\t<meta name=\"twitter:data1\" content=\"Nox Oceani\" \/>\n\t<meta name=\"twitter:label2\" content=\"Tiempo de lectura\" \/>\n\t<meta name=\"twitter:data2\" content=\"3 minutos\" \/>\n<script type=\"application\/ld+json\" class=\"yoast-schema-graph\">{\"@context\":\"https:\/\/schema.org\",\"@graph\":[{\"@type\":\"Article\",\"@id\":\"https:\/\/www.noxoceani.it\/es\/vela-cup-cala-dei-sardi-grande-risultato-per-nox-oceani\/#article\",\"isPartOf\":{\"@id\":\"https:\/\/www.noxoceani.it\/es\/vela-cup-cala-dei-sardi-grande-risultato-per-nox-oceani\/\"},\"author\":{\"name\":\"Nox Oceani\",\"@id\":\"https:\/\/www.noxoceani.it\/#\/schema\/person\/b67400d9451b004cebd7e997a7b080d5\"},\"headline\":\"Vela Cup Cala dei Sardi, grande risultato per Nox Oceani\",\"datePublished\":\"2023-08-22T15:01:39+00:00\",\"dateModified\":\"2023-12-21T10:53:46+00:00\",\"mainEntityOfPage\":{\"@id\":\"https:\/\/www.noxoceani.it\/es\/vela-cup-cala-dei-sardi-grande-risultato-per-nox-oceani\/\"},\"wordCount\":333,\"publisher\":{\"@id\":\"https:\/\/www.noxoceani.it\/#organization\"},\"image\":{\"@id\":\"https:\/\/www.noxoceani.it\/es\/vela-cup-cala-dei-sardi-grande-risultato-per-nox-oceani\/#primaryimage\"},\"thumbnailUrl\":\"https:\/\/www.noxoceani.it\/wp-content\/uploads\/2023\/08\/bf500e64-b8b3-45d9-8154-89b8cd7d8585.jpg\",\"articleSection\":[\"Noticias\"],\"inLanguage\":\"es\"},{\"@type\":\"WebPage\",\"@id\":\"https:\/\/www.noxoceani.it\/es\/vela-cup-cala-dei-sardi-grande-risultato-per-nox-oceani\/\",\"url\":\"https:\/\/www.noxoceani.it\/es\/vela-cup-cala-dei-sardi-grande-risultato-per-nox-oceani\/\",\"name\":\"Vela Cup Cala dei Sardi, grande risultato per Nox Oceani - Nox Oceani\",\"isPartOf\":{\"@id\":\"https:\/\/www.noxoceani.it\/#website\"},\"primaryImageOfPage\":{\"@id\":\"https:\/\/www.noxoceani.it\/es\/vela-cup-cala-dei-sardi-grande-risultato-per-nox-oceani\/#primaryimage\"},\"image\":{\"@id\":\"https:\/\/www.noxoceani.it\/es\/vela-cup-cala-dei-sardi-grande-risultato-per-nox-oceani\/#primaryimage\"},\"thumbnailUrl\":\"https:\/\/www.noxoceani.it\/wp-content\/uploads\/2023\/08\/bf500e64-b8b3-45d9-8154-89b8cd7d8585.jpg\",\"datePublished\":\"2023-08-22T15:01:39+00:00\",\"dateModified\":\"2023-12-21T10:53:46+00:00\",\"breadcrumb\":{\"@id\":\"https:\/\/www.noxoceani.it\/es\/vela-cup-cala-dei-sardi-grande-risultato-per-nox-oceani\/#breadcrumb\"},\"inLanguage\":\"es\",\"potentialAction\":[{\"@type\":\"ReadAction\",\"target\":[\"https:\/\/www.noxoceani.it\/es\/vela-cup-cala-dei-sardi-grande-risultato-per-nox-oceani\/\"]}]},{\"@type\":\"ImageObject\",\"inLanguage\":\"es\",\"@id\":\"https:\/\/www.noxoceani.it\/es\/vela-cup-cala-dei-sardi-grande-risultato-per-nox-oceani\/#primaryimage\",\"url\":\"https:\/\/www.noxoceani.it\/wp-content\/uploads\/2023\/08\/bf500e64-b8b3-45d9-8154-89b8cd7d8585.jpg\",\"contentUrl\":\"https:\/\/www.noxoceani.it\/wp-content\/uploads\/2023\/08\/bf500e64-b8b3-45d9-8154-89b8cd7d8585.jpg\",\"width\":1511,\"height\":850},{\"@type\":\"BreadcrumbList\",\"@id\":\"https:\/\/www.noxoceani.it\/es\/vela-cup-cala-dei-sardi-grande-risultato-per-nox-oceani\/#breadcrumb\",\"itemListElement\":[{\"@type\":\"ListItem\",\"position\":1,\"name\":\"Home\",\"item\":\"https:\/\/www.noxoceani.it\/es\/\"},{\"@type\":\"ListItem\",\"position\":2,\"name\":\"Vela Cup Cala dei Sardi, grande risultato per Nox Oceani\"}]},{\"@type\":\"WebSite\",\"@id\":\"https:\/\/www.noxoceani.it\/#website\",\"url\":\"https:\/\/www.noxoceani.it\/\",\"name\":\"Nox Oceani\",\"description\":\"Rispetto dell&#039;ambiente tramite la vela\",\"publisher\":{\"@id\":\"https:\/\/www.noxoceani.it\/#organization\"},\"potentialAction\":[{\"@type\":\"SearchAction\",\"target\":{\"@type\":\"EntryPoint\",\"urlTemplate\":\"https:\/\/www.noxoceani.it\/?s={search_term_string}\"},\"query-input\":{\"@type\":\"PropertyValueSpecification\",\"valueRequired\":true,\"valueName\":\"search_term_string\"}}],\"inLanguage\":\"es\"},{\"@type\":\"Organization\",\"@id\":\"https:\/\/www.noxoceani.it\/#organization\",\"name\":\"Nox Oceani\",\"alternateName\":\"Nox Oceani\",\"url\":\"https:\/\/www.noxoceani.it\/\",\"logo\":{\"@type\":\"ImageObject\",\"inLanguage\":\"es\",\"@id\":\"https:\/\/www.noxoceani.it\/#\/schema\/logo\/image\/\",\"url\":\"https:\/\/www.noxoceani.it\/wp-content\/uploads\/2023\/01\/nox-logo.png\",\"contentUrl\":\"https:\/\/www.noxoceani.it\/wp-content\/uploads\/2023\/01\/nox-logo.png\",\"width\":500,\"height\":500,\"caption\":\"Nox Oceani\"},\"image\":{\"@id\":\"https:\/\/www.noxoceani.it\/#\/schema\/logo\/image\/\"}},{\"@type\":\"Person\",\"@id\":\"https:\/\/www.noxoceani.it\/#\/schema\/person\/b67400d9451b004cebd7e997a7b080d5\",\"name\":\"Nox Oceani\",\"image\":{\"@type\":\"ImageObject\",\"inLanguage\":\"es\",\"@id\":\"https:\/\/www.noxoceani.it\/#\/schema\/person\/image\/\",\"url\":\"https:\/\/www.noxoceani.it\/wp-content\/uploads\/2023\/01\/favicon-120x120.jpg\",\"contentUrl\":\"https:\/\/www.noxoceani.it\/wp-content\/uploads\/2023\/01\/favicon-120x120.jpg\",\"caption\":\"Nox Oceani\"},\"sameAs\":[\"https:\/\/www.noxoceani.it\"],\"url\":\"https:\/\/www.noxoceani.it\/es\/author\/n0x0c34n1\/\"}]}<\/script>\n<!-- \/ Yoast SEO plugin. -->","yoast_head_json":{"title":"Vela Cup Cala dei Sardi, grande risultato per Nox Oceani - Nox Oceani","robots":{"index":"index","follow":"follow","max-snippet":"max-snippet:-1","max-image-preview":"max-image-preview:large","max-video-preview":"max-video-preview:-1"},"canonical":"https:\/\/www.noxoceani.it\/es\/vela-cup-cala-dei-sardi-grande-risultato-per-nox-oceani\/","og_locale":"es_ES","og_type":"article","og_title":"Vela Cup Cala dei Sardi, grande risultato per Nox Oceani - Nox Oceani","og_description":"22 Agosto 2023 I l Vela Cup Cala dei Sardi \u00e8 la vera festa della vela e Nox Oceani non poteva certo mancare, soprattutto perch\u00e9, dopo l\u2019agonismo, lo spirito del&hellip;","og_url":"https:\/\/www.noxoceani.it\/es\/vela-cup-cala-dei-sardi-grande-risultato-per-nox-oceani\/","og_site_name":"Nox Oceani","article_published_time":"2023-08-22T15:01:39+00:00","article_modified_time":"2023-12-21T10:53:46+00:00","og_image":[{"width":1511,"height":850,"url":"https:\/\/www.noxoceani.it\/wp-content\/uploads\/2023\/08\/bf500e64-b8b3-45d9-8154-89b8cd7d8585.jpg","type":"image\/jpeg"}],"author":"Nox Oceani","twitter_card":"summary_large_image","twitter_misc":{"Escrito por":"Nox Oceani","Tiempo de lectura":"3 minutos"},"schema":{"@context":"https:\/\/schema.org","@graph":[{"@type":"Article","@id":"https:\/\/www.noxoceani.it\/es\/vela-cup-cala-dei-sardi-grande-risultato-per-nox-oceani\/#article","isPartOf":{"@id":"https:\/\/www.noxoceani.it\/es\/vela-cup-cala-dei-sardi-grande-risultato-per-nox-oceani\/"},"author":{"name":"Nox Oceani","@id":"https:\/\/www.noxoceani.it\/#\/schema\/person\/b67400d9451b004cebd7e997a7b080d5"},"headline":"Vela Cup Cala dei Sardi, grande risultato per Nox Oceani","datePublished":"2023-08-22T15:01:39+00:00","dateModified":"2023-12-21T10:53:46+00:00","mainEntityOfPage":{"@id":"https:\/\/www.noxoceani.it\/es\/vela-cup-cala-dei-sardi-grande-risultato-per-nox-oceani\/"},"wordCount":333,"publisher":{"@id":"https:\/\/www.noxoceani.it\/#organization"},"image":{"@id":"https:\/\/www.noxoceani.it\/es\/vela-cup-cala-dei-sardi-grande-risultato-per-nox-oceani\/#primaryimage"},"thumbnailUrl":"https:\/\/www.noxoceani.it\/wp-content\/uploads\/2023\/08\/bf500e64-b8b3-45d9-8154-89b8cd7d8585.jpg","articleSection":["Noticias"],"inLanguage":"es"},{"@type":"WebPage","@id":"https:\/\/www.noxoceani.it\/es\/vela-cup-cala-dei-sardi-grande-risultato-per-nox-oceani\/","url":"https:\/\/www.noxoceani.it\/es\/vela-cup-cala-dei-sardi-grande-risultato-per-nox-oceani\/","name":"Vela Cup Cala dei Sardi, grande risultato per Nox Oceani - Nox Oceani","isPartOf":{"@id":"https:\/\/www.noxoceani.it\/#website"},"primaryImageOfPage":{"@id":"https:\/\/www.noxoceani.it\/es\/vela-cup-cala-dei-sardi-grande-risultato-per-nox-oceani\/#primaryimage"},"image":{"@id":"https:\/\/www.noxoceani.it\/es\/vela-cup-cala-dei-sardi-grande-risultato-per-nox-oceani\/#primaryimage"},"thumbnailUrl":"https:\/\/www.noxoceani.it\/wp-content\/uploads\/2023\/08\/bf500e64-b8b3-45d9-8154-89b8cd7d8585.jpg","datePublished":"2023-08-22T15:01:39+00:00","dateModified":"2023-12-21T10:53:46+00:00","breadcrumb":{"@id":"https:\/\/www.noxoceani.it\/es\/vela-cup-cala-dei-sardi-grande-risultato-per-nox-oceani\/#breadcrumb"},"inLanguage":"es","potentialAction":[{"@type":"ReadAction","target":["https:\/\/www.noxoceani.it\/es\/vela-cup-cala-dei-sardi-grande-risultato-per-nox-oceani\/"]}]},{"@type":"ImageObject","inLanguage":"es","@id":"https:\/\/www.noxoceani.it\/es\/vela-cup-cala-dei-sardi-grande-risultato-per-nox-oceani\/#primaryimage","url":"https:\/\/www.noxoceani.it\/wp-content\/uploads\/2023\/08\/bf500e64-b8b3-45d9-8154-89b8cd7d8585.jpg","contentUrl":"https:\/\/www.noxoceani.it\/wp-content\/uploads\/2023\/08\/bf500e64-b8b3-45d9-8154-89b8cd7d8585.jpg","width":1511,"height":850},{"@type":"BreadcrumbList","@id":"https:\/\/www.noxoceani.it\/es\/vela-cup-cala-dei-sardi-grande-risultato-per-nox-oceani\/#breadcrumb","itemListElement":[{"@type":"ListItem","position":1,"name":"Home","item":"https:\/\/www.noxoceani.it\/es\/"},{"@type":"ListItem","position":2,"name":"Vela Cup Cala dei Sardi, grande risultato per Nox Oceani"}]},{"@type":"WebSite","@id":"https:\/\/www.noxoceani.it\/#website","url":"https:\/\/www.noxoceani.it\/","name":"Nox Oceani","description":"Rispetto dell&#039;ambiente tramite la vela","publisher":{"@id":"https:\/\/www.noxoceani.it\/#organization"},"potentialAction":[{"@type":"SearchAction","target":{"@type":"EntryPoint","urlTemplate":"https:\/\/www.noxoceani.it\/?s={search_term_string}"},"query-input":{"@type":"PropertyValueSpecification","valueRequired":true,"valueName":"search_term_string"}}],"inLanguage":"es"},{"@type":"Organization","@id":"https:\/\/www.noxoceani.it\/#organization","name":"Nox Oceani","alternateName":"Nox Oceani","url":"https:\/\/www.noxoceani.it\/","logo":{"@type":"ImageObject","inLanguage":"es","@id":"https:\/\/www.noxoceani.it\/#\/schema\/logo\/image\/","url":"https:\/\/www.noxoceani.it\/wp-content\/uploads\/2023\/01\/nox-logo.png","contentUrl":"https:\/\/www.noxoceani.it\/wp-content\/uploads\/2023\/01\/nox-logo.png","width":500,"height":500,"caption":"Nox Oceani"},"image":{"@id":"https:\/\/www.noxoceani.it\/#\/schema\/logo\/image\/"}},{"@type":"Person","@id":"https:\/\/www.noxoceani.it\/#\/schema\/person\/b67400d9451b004cebd7e997a7b080d5","name":"Nox Oceani","image":{"@type":"ImageObject","inLanguage":"es","@id":"https:\/\/www.noxoceani.it\/#\/schema\/person\/image\/","url":"https:\/\/www.noxoceani.it\/wp-content\/uploads\/2023\/01\/favicon-120x120.jpg","contentUrl":"https:\/\/www.noxoceani.it\/wp-content\/uploads\/2023\/01\/favicon-120x120.jpg","caption":"Nox Oceani"},"sameAs":["https:\/\/www.noxoceani.it"],"url":"https:\/\/www.noxoceani.it\/es\/author\/n0x0c34n1\/"}]}},"_links":{"self":[{"href":"https:\/\/www.noxoceani.it\/es\/wp-json\/wp\/v2\/posts\/24059","targetHints":{"allow":["GET"]}}],"collection":[{"href":"https:\/\/www.noxoceani.it\/es\/wp-json\/wp\/v2\/posts"}],"about":[{"href":"https:\/\/www.noxoceani.it\/es\/wp-json\/wp\/v2\/types\/post"}],"author":[{"embeddable":true,"href":"https:\/\/www.noxoceani.it\/es\/wp-json\/wp\/v2\/users\/1"}],"replies":[{"embeddable":true,"href":"https:\/\/www.noxoceani.it\/es\/wp-json\/wp\/v2\/comments?post=24059"}],"version-history":[{"count":1,"href":"https:\/\/www.noxoceani.it\/es\/wp-json\/wp\/v2\/posts\/24059\/revisions"}],"predecessor-version":[{"id":24060,"href":"https:\/\/www.noxoceani.it\/es\/wp-json\/wp\/v2\/posts\/24059\/revisions\/24060"}],"wp:featuredmedia":[{"embeddable":true,"href":"https:\/\/www.noxoceani.it\/es\/wp-json\/wp\/v2\/media\/23632"}],"wp:attachment":[{"href":"https:\/\/www.noxoceani.it\/es\/wp-json\/wp\/v2\/media?parent=24059"}],"wp:term":[{"taxonomy":"category","embeddable":true,"href":"https:\/\/www.noxoceani.it\/es\/wp-json\/wp\/v2\/categories?post=24059"},{"taxonomy":"post_tag","embeddable":true,"href":"https:\/\/www.noxoceani.it\/es\/wp-json\/wp\/v2\/tags?post=24059"}],"curies":[{"name":"wp","href":"https:\/\/api.w.org\/{rel}","templated":true}]}}