{"id":24041,"date":"2023-11-27T16:15:29","date_gmt":"2023-11-27T15:15:29","guid":{"rendered":"https:\/\/www.noxoceani.it\/?p=24041"},"modified":"2023-12-21T11:31:24","modified_gmt":"2023-12-21T10:31:24","slug":"de-matteis-di-nox-oceani-vince-il-circuito-italiano-rs-aero6","status":"publish","type":"post","link":"https:\/\/www.noxoceani.it\/es\/de-matteis-di-nox-oceani-vince-il-circuito-italiano-rs-aero6\/","title":{"rendered":"De Matteis di Nox Oceani vince il circuito italiano RS Aero6"},"content":{"rendered":"\t\t<div data-elementor-type=\"wp-post\" data-elementor-id=\"24041\" class=\"elementor elementor-24041 elementor-23276\" data-elementor-post-type=\"post\">\n\t\t\t\t\t\t<section class=\"elementor-section elementor-top-section elementor-element elementor-element-df8354d elementor-section-full_width elementor-section-height-default elementor-section-height-default sc_fly_static\" data-id=\"df8354d\" data-element_type=\"section\">\n\t\t\t\t\t\t<div class=\"elementor-container elementor-column-gap-extended\">\n\t\t\t\t\t<div class=\"elementor-column elementor-col-100 elementor-top-column elementor-element elementor-element-be31d80 sc_inner_width_none sc_content_align_inherit sc_layouts_column_icons_position_left sc_fly_static\" data-id=\"be31d80\" data-element_type=\"column\">\n\t\t\t<div class=\"elementor-widget-wrap elementor-element-populated\">\n\t\t\t\t\t\t<div class=\"elementor-element elementor-element-39895c4 elementor-widget__width-inherit sc_fly_static elementor-widget elementor-widget-heading\" data-id=\"39895c4\" data-element_type=\"widget\" data-widget_type=\"heading.default\">\n\t\t\t\t<div class=\"elementor-widget-container\">\n\t\t\t\t\t<p class=\"elementor-heading-title elementor-size-default\">27 Novembre 2023<\/p>\t\t\t\t<\/div>\n\t\t\t\t<\/div>\n\t\t\t\t<div class=\"elementor-element elementor-element-70fe781 sc_fly_static elementor-widget elementor-widget-spacer\" data-id=\"70fe781\" data-element_type=\"widget\" data-widget_type=\"spacer.default\">\n\t\t\t\t<div class=\"elementor-widget-container\">\n\t\t\t\t\t\t\t<div class=\"elementor-spacer\">\n\t\t\t<div class=\"elementor-spacer-inner\"><\/div>\n\t\t<\/div>\n\t\t\t\t\t\t<\/div>\n\t\t\t\t<\/div>\n\t\t\t\t<div class=\"elementor-element elementor-element-fc1d353 sc_fly_static elementor-widget elementor-widget-text-editor\" data-id=\"fc1d353\" data-element_type=\"widget\" data-widget_type=\"text-editor.default\">\n\t\t\t\t<div class=\"elementor-widget-container\">\n\t\t\t\t\t\t\t\t\t<p><span class=\"trx_addons_dropcap trx_addons_dropcap_style_2\">I<\/span><\/p><p>l team <strong>Nox Oceani<\/strong> non poteva certo mancare alla tappa conclusiva del circuito <strong>RS Aero<\/strong> dello scorso week end. In campo i giovanissimi <strong>Giorgio Nocella<\/strong> e <strong>Riccardo Serra<\/strong> per la categoria <strong>Aero 5<\/strong> e il talentuoso Andrea De Matteis che, in <strong>Aero 6<\/strong>, si \u00e8 aggiudicato il primo gradino del podio della tappa e, conseguentemente, la <strong>vittoria del circuito italiano<\/strong>.<\/p>\t\t\t\t\t\t\t\t<\/div>\n\t\t\t\t<\/div>\n\t\t\t\t<div class=\"elementor-element elementor-element-37c73fc sc_fly_static elementor-widget elementor-widget-spacer\" data-id=\"37c73fc\" data-element_type=\"widget\" data-widget_type=\"spacer.default\">\n\t\t\t\t<div class=\"elementor-widget-container\">\n\t\t\t\t\t\t\t<div class=\"elementor-spacer\">\n\t\t\t<div class=\"elementor-spacer-inner\"><\/div>\n\t\t<\/div>\n\t\t\t\t\t\t<\/div>\n\t\t\t\t<\/div>\n\t\t\t\t\t<\/div>\n\t\t<\/div>\n\t\t\t\t\t<\/div>\n\t\t<\/section>\n\t\t\t\t<section class=\"elementor-section elementor-top-section elementor-element elementor-element-f2e0eb4 elementor-section-boxed elementor-section-height-default elementor-section-height-default sc_fly_static\" data-id=\"f2e0eb4\" data-element_type=\"section\">\n\t\t\t\t\t\t<div class=\"elementor-container elementor-column-gap-extended\">\n\t\t\t\t\t<div class=\"elementor-column elementor-col-100 elementor-top-column elementor-element elementor-element-54642be sc_inner_width_none sc_content_align_inherit sc_layouts_column_icons_position_left sc_fly_static\" data-id=\"54642be\" data-element_type=\"column\">\n\t\t\t<div class=\"elementor-widget-wrap elementor-element-populated\">\n\t\t\t\t\t\t<div class=\"elementor-element elementor-element-0fb6251 sc_fly_static elementor-widget elementor-widget-image\" data-id=\"0fb6251\" data-element_type=\"widget\" data-widget_type=\"image.default\">\n\t\t\t\t<div class=\"elementor-widget-container\">\n\t\t\t\t\t\t\t\t\t\t\t\t\t\t\t<img fetchpriority=\"high\" decoding=\"async\" width=\"1024\" height=\"844\" src=\"https:\/\/www.noxoceani.it\/wp-content\/uploads\/2023\/11\/d4eca4be-eaff-47b4-91a4-e758e9f6ca63-1024x844.jpg\" class=\"attachment-large size-large wp-image-23295\" alt=\"\" srcset=\"https:\/\/www.noxoceani.it\/wp-content\/uploads\/2023\/11\/d4eca4be-eaff-47b4-91a4-e758e9f6ca63-1024x844.jpg 1024w, https:\/\/www.noxoceani.it\/wp-content\/uploads\/2023\/11\/d4eca4be-eaff-47b4-91a4-e758e9f6ca63-300x247.jpg 300w, https:\/\/www.noxoceani.it\/wp-content\/uploads\/2023\/11\/d4eca4be-eaff-47b4-91a4-e758e9f6ca63-768x633.jpg 768w, https:\/\/www.noxoceani.it\/wp-content\/uploads\/2023\/11\/d4eca4be-eaff-47b4-91a4-e758e9f6ca63-370x305.jpg 370w, https:\/\/www.noxoceani.it\/wp-content\/uploads\/2023\/11\/d4eca4be-eaff-47b4-91a4-e758e9f6ca63-840x692.jpg 840w, https:\/\/www.noxoceani.it\/wp-content\/uploads\/2023\/11\/d4eca4be-eaff-47b4-91a4-e758e9f6ca63-410x338.jpg 410w, https:\/\/www.noxoceani.it\/wp-content\/uploads\/2023\/11\/d4eca4be-eaff-47b4-91a4-e758e9f6ca63.jpg 1050w\" sizes=\"(max-width: 1024px) 100vw, 1024px\" \/>\t\t\t\t\t\t\t\t\t\t\t\t\t\t\t<\/div>\n\t\t\t\t<\/div>\n\t\t\t\t<div class=\"elementor-element elementor-element-7aa2580 sc_fly_static elementor-widget elementor-widget-spacer\" data-id=\"7aa2580\" data-element_type=\"widget\" data-widget_type=\"spacer.default\">\n\t\t\t\t<div class=\"elementor-widget-container\">\n\t\t\t\t\t\t\t<div class=\"elementor-spacer\">\n\t\t\t<div class=\"elementor-spacer-inner\"><\/div>\n\t\t<\/div>\n\t\t\t\t\t\t<\/div>\n\t\t\t\t<\/div>\n\t\t\t\t<div class=\"elementor-element elementor-element-cb1b3aa sc_fly_static elementor-widget elementor-widget-text-editor\" data-id=\"cb1b3aa\" data-element_type=\"widget\" data-widget_type=\"text-editor.default\">\n\t\t\t\t<div class=\"elementor-widget-container\">\n\t\t\t\t\t\t\t\t\t<p>Si chiude quindi a Ostia Lido l\u2019ultimo atto della <strong>stagione agonistica 2023<\/strong>\u00a0della classe <strong>RS Aero<\/strong>. La flotta ha regatato con una tattica serrata in condizioni di poco vento, sfidandosi per la <strong>vittoria finale<\/strong> del circuito nazionale. Le condizioni meteo hanno consentito lo svolgersi di una prova soltanto, disputata la domenica, ma valida per il completamento del circuito.<\/p><p>In Aero6 la schiacciante<strong> superiorit\u00e0 tecnica<\/strong> di Andrea De Matteis, veloce con l\u2019arietta leggera della giornata, ha messo tutti in fila portando a casa un <strong>risultato entusiasmante<\/strong>, frutto di una stagione agonistica molto impegnativa trascorsa tra gli <strong>RS Aero<\/strong> e gli <strong>RS21<\/strong>.<\/p><p><strong>Riccardo Serra<\/strong> e <strong>Giorgio Nocella<\/strong>, in Aero 5, hanno ben figurato classificandosi rispettivamente 4\u00b0 e 5\u00b0 nell\u2019unica prova disputata.<\/p><p>\u00abLa stagione RS Aero va dunque in archivio &#8211; <strong>spiega il coach Camillo Zucconi<\/strong> &#8211; Ora \u00e8 il momento di pianificare gli <strong>allenamenti invernali<\/strong> e, in attesa dei calendari agonistici 2024, la prossima stagione. Sicuramente il team proseguir\u00e0 il lavoro sugli RS Aero, una <strong>barca molto divertente<\/strong>. Intendiamo portare s\u00f9 di livello i pi\u00f9 piccoli che avranno la possibilit\u00e0 di confrontarsi con Andrea, diventato oggi un <strong>punto di riferimento<\/strong>\u00bb.<\/p>\t\t\t\t\t\t\t\t<\/div>\n\t\t\t\t<\/div>\n\t\t\t\t<div class=\"elementor-element elementor-element-bff1cc8 sc_fly_static elementor-widget elementor-widget-spacer\" data-id=\"bff1cc8\" data-element_type=\"widget\" data-widget_type=\"spacer.default\">\n\t\t\t\t<div class=\"elementor-widget-container\">\n\t\t\t\t\t\t\t<div class=\"elementor-spacer\">\n\t\t\t<div class=\"elementor-spacer-inner\"><\/div>\n\t\t<\/div>\n\t\t\t\t\t\t<\/div>\n\t\t\t\t<\/div>\n\t\t\t\t\t<\/div>\n\t\t<\/div>\n\t\t\t\t\t<\/div>\n\t\t<\/section>\n\t\t\t\t<\/div>\n\t\t","protected":false},"excerpt":{"rendered":"<p>27 Novembre 2023 I l team Nox Oceani non poteva certo mancare alla tappa conclusiva del circuito RS Aero dello scorso week end. In campo i giovanissimi Giorgio Nocella e&hellip;<\/p>\n","protected":false},"author":1,"featured_media":23890,"comment_status":"closed","ping_status":"open","sticky":false,"template":"","format":"standard","meta":{"_monsterinsights_skip_tracking":false,"_monsterinsights_sitenote_active":false,"_monsterinsights_sitenote_note":"","_monsterinsights_sitenote_category":0,"footnotes":""},"categories":[266],"tags":[],"class_list":["post-24041","post","type-post","status-publish","format-standard","has-post-thumbnail","hentry","category-noticias"],"yoast_head":"<!-- This site is optimized with the Yoast SEO plugin v24.5 - https:\/\/yoast.com\/wordpress\/plugins\/seo\/ -->\n<title>De Matteis di Nox Oceani vince il circuito italiano RS Aero6 - Nox Oceani<\/title>\n<meta name=\"robots\" content=\"index, follow, max-snippet:-1, max-image-preview:large, max-video-preview:-1\" \/>\n<link rel=\"canonical\" href=\"https:\/\/www.noxoceani.it\/es\/de-matteis-di-nox-oceani-vince-il-circuito-italiano-rs-aero6\/\" \/>\n<meta property=\"og:locale\" content=\"es_ES\" \/>\n<meta property=\"og:type\" content=\"article\" \/>\n<meta property=\"og:title\" content=\"De Matteis di Nox Oceani vince il circuito italiano RS Aero6 - Nox Oceani\" \/>\n<meta property=\"og:description\" content=\"27 Novembre 2023 I l team Nox Oceani non poteva certo mancare alla tappa conclusiva del circuito RS Aero dello scorso week end. In campo i giovanissimi Giorgio Nocella e&hellip;\" \/>\n<meta property=\"og:url\" content=\"https:\/\/www.noxoceani.it\/es\/de-matteis-di-nox-oceani-vince-il-circuito-italiano-rs-aero6\/\" \/>\n<meta property=\"og:site_name\" content=\"Nox Oceani\" \/>\n<meta property=\"article:published_time\" content=\"2023-11-27T15:15:29+00:00\" \/>\n<meta property=\"article:modified_time\" content=\"2023-12-21T10:31:24+00:00\" \/>\n<meta property=\"og:image\" content=\"https:\/\/www.noxoceani.it\/wp-content\/uploads\/2023\/11\/RSAeroWorlds_LNISulcis2023_ElenaGiolai-0840.jpg\" \/>\n\t<meta property=\"og:image:width\" content=\"2000\" \/>\n\t<meta property=\"og:image:height\" content=\"1333\" \/>\n\t<meta property=\"og:image:type\" content=\"image\/jpeg\" \/>\n<meta name=\"author\" content=\"Nox Oceani\" \/>\n<meta name=\"twitter:card\" content=\"summary_large_image\" \/>\n<meta name=\"twitter:label1\" content=\"Escrito por\" \/>\n\t<meta name=\"twitter:data1\" content=\"Nox Oceani\" \/>\n\t<meta name=\"twitter:label2\" content=\"Tiempo de lectura\" \/>\n\t<meta name=\"twitter:data2\" content=\"2 minutos\" \/>\n<script type=\"application\/ld+json\" class=\"yoast-schema-graph\">{\"@context\":\"https:\/\/schema.org\",\"@graph\":[{\"@type\":\"Article\",\"@id\":\"https:\/\/www.noxoceani.it\/es\/de-matteis-di-nox-oceani-vince-il-circuito-italiano-rs-aero6\/#article\",\"isPartOf\":{\"@id\":\"https:\/\/www.noxoceani.it\/es\/de-matteis-di-nox-oceani-vince-il-circuito-italiano-rs-aero6\/\"},\"author\":{\"name\":\"Nox Oceani\",\"@id\":\"https:\/\/www.noxoceani.it\/#\/schema\/person\/b67400d9451b004cebd7e997a7b080d5\"},\"headline\":\"De Matteis di Nox Oceani vince il circuito italiano RS Aero6\",\"datePublished\":\"2023-11-27T15:15:29+00:00\",\"dateModified\":\"2023-12-21T10:31:24+00:00\",\"mainEntityOfPage\":{\"@id\":\"https:\/\/www.noxoceani.it\/es\/de-matteis-di-nox-oceani-vince-il-circuito-italiano-rs-aero6\/\"},\"wordCount\":255,\"publisher\":{\"@id\":\"https:\/\/www.noxoceani.it\/#organization\"},\"image\":{\"@id\":\"https:\/\/www.noxoceani.it\/es\/de-matteis-di-nox-oceani-vince-il-circuito-italiano-rs-aero6\/#primaryimage\"},\"thumbnailUrl\":\"https:\/\/www.noxoceani.it\/wp-content\/uploads\/2023\/11\/RSAeroWorlds_LNISulcis2023_ElenaGiolai-0840.jpg\",\"articleSection\":[\"Noticias\"],\"inLanguage\":\"es\"},{\"@type\":\"WebPage\",\"@id\":\"https:\/\/www.noxoceani.it\/es\/de-matteis-di-nox-oceani-vince-il-circuito-italiano-rs-aero6\/\",\"url\":\"https:\/\/www.noxoceani.it\/es\/de-matteis-di-nox-oceani-vince-il-circuito-italiano-rs-aero6\/\",\"name\":\"De Matteis di Nox Oceani vince il circuito italiano RS Aero6 - Nox Oceani\",\"isPartOf\":{\"@id\":\"https:\/\/www.noxoceani.it\/#website\"},\"primaryImageOfPage\":{\"@id\":\"https:\/\/www.noxoceani.it\/es\/de-matteis-di-nox-oceani-vince-il-circuito-italiano-rs-aero6\/#primaryimage\"},\"image\":{\"@id\":\"https:\/\/www.noxoceani.it\/es\/de-matteis-di-nox-oceani-vince-il-circuito-italiano-rs-aero6\/#primaryimage\"},\"thumbnailUrl\":\"https:\/\/www.noxoceani.it\/wp-content\/uploads\/2023\/11\/RSAeroWorlds_LNISulcis2023_ElenaGiolai-0840.jpg\",\"datePublished\":\"2023-11-27T15:15:29+00:00\",\"dateModified\":\"2023-12-21T10:31:24+00:00\",\"breadcrumb\":{\"@id\":\"https:\/\/www.noxoceani.it\/es\/de-matteis-di-nox-oceani-vince-il-circuito-italiano-rs-aero6\/#breadcrumb\"},\"inLanguage\":\"es\",\"potentialAction\":[{\"@type\":\"ReadAction\",\"target\":[\"https:\/\/www.noxoceani.it\/es\/de-matteis-di-nox-oceani-vince-il-circuito-italiano-rs-aero6\/\"]}]},{\"@type\":\"ImageObject\",\"inLanguage\":\"es\",\"@id\":\"https:\/\/www.noxoceani.it\/es\/de-matteis-di-nox-oceani-vince-il-circuito-italiano-rs-aero6\/#primaryimage\",\"url\":\"https:\/\/www.noxoceani.it\/wp-content\/uploads\/2023\/11\/RSAeroWorlds_LNISulcis2023_ElenaGiolai-0840.jpg\",\"contentUrl\":\"https:\/\/www.noxoceani.it\/wp-content\/uploads\/2023\/11\/RSAeroWorlds_LNISulcis2023_ElenaGiolai-0840.jpg\",\"width\":2000,\"height\":1333},{\"@type\":\"BreadcrumbList\",\"@id\":\"https:\/\/www.noxoceani.it\/es\/de-matteis-di-nox-oceani-vince-il-circuito-italiano-rs-aero6\/#breadcrumb\",\"itemListElement\":[{\"@type\":\"ListItem\",\"position\":1,\"name\":\"Home\",\"item\":\"https:\/\/www.noxoceani.it\/es\/\"},{\"@type\":\"ListItem\",\"position\":2,\"name\":\"De Matteis di Nox Oceani vince il circuito italiano RS Aero6\"}]},{\"@type\":\"WebSite\",\"@id\":\"https:\/\/www.noxoceani.it\/#website\",\"url\":\"https:\/\/www.noxoceani.it\/\",\"name\":\"Nox Oceani\",\"description\":\"Rispetto dell&#039;ambiente tramite la vela\",\"publisher\":{\"@id\":\"https:\/\/www.noxoceani.it\/#organization\"},\"potentialAction\":[{\"@type\":\"SearchAction\",\"target\":{\"@type\":\"EntryPoint\",\"urlTemplate\":\"https:\/\/www.noxoceani.it\/?s={search_term_string}\"},\"query-input\":{\"@type\":\"PropertyValueSpecification\",\"valueRequired\":true,\"valueName\":\"search_term_string\"}}],\"inLanguage\":\"es\"},{\"@type\":\"Organization\",\"@id\":\"https:\/\/www.noxoceani.it\/#organization\",\"name\":\"Nox Oceani\",\"alternateName\":\"Nox Oceani\",\"url\":\"https:\/\/www.noxoceani.it\/\",\"logo\":{\"@type\":\"ImageObject\",\"inLanguage\":\"es\",\"@id\":\"https:\/\/www.noxoceani.it\/#\/schema\/logo\/image\/\",\"url\":\"https:\/\/www.noxoceani.it\/wp-content\/uploads\/2023\/01\/nox-logo.png\",\"contentUrl\":\"https:\/\/www.noxoceani.it\/wp-content\/uploads\/2023\/01\/nox-logo.png\",\"width\":500,\"height\":500,\"caption\":\"Nox Oceani\"},\"image\":{\"@id\":\"https:\/\/www.noxoceani.it\/#\/schema\/logo\/image\/\"}},{\"@type\":\"Person\",\"@id\":\"https:\/\/www.noxoceani.it\/#\/schema\/person\/b67400d9451b004cebd7e997a7b080d5\",\"name\":\"Nox Oceani\",\"image\":{\"@type\":\"ImageObject\",\"inLanguage\":\"es\",\"@id\":\"https:\/\/www.noxoceani.it\/#\/schema\/person\/image\/\",\"url\":\"https:\/\/www.noxoceani.it\/wp-content\/uploads\/2023\/01\/favicon-120x120.jpg\",\"contentUrl\":\"https:\/\/www.noxoceani.it\/wp-content\/uploads\/2023\/01\/favicon-120x120.jpg\",\"caption\":\"Nox Oceani\"},\"sameAs\":[\"https:\/\/www.noxoceani.it\"],\"url\":\"https:\/\/www.noxoceani.it\/es\/author\/n0x0c34n1\/\"}]}<\/script>\n<!-- \/ Yoast SEO plugin. -->","yoast_head_json":{"title":"De Matteis di Nox Oceani vince il circuito italiano RS Aero6 - Nox Oceani","robots":{"index":"index","follow":"follow","max-snippet":"max-snippet:-1","max-image-preview":"max-image-preview:large","max-video-preview":"max-video-preview:-1"},"canonical":"https:\/\/www.noxoceani.it\/es\/de-matteis-di-nox-oceani-vince-il-circuito-italiano-rs-aero6\/","og_locale":"es_ES","og_type":"article","og_title":"De Matteis di Nox Oceani vince il circuito italiano RS Aero6 - Nox Oceani","og_description":"27 Novembre 2023 I l team Nox Oceani non poteva certo mancare alla tappa conclusiva del circuito RS Aero dello scorso week end. In campo i giovanissimi Giorgio Nocella e&hellip;","og_url":"https:\/\/www.noxoceani.it\/es\/de-matteis-di-nox-oceani-vince-il-circuito-italiano-rs-aero6\/","og_site_name":"Nox Oceani","article_published_time":"2023-11-27T15:15:29+00:00","article_modified_time":"2023-12-21T10:31:24+00:00","og_image":[{"width":2000,"height":1333,"url":"https:\/\/www.noxoceani.it\/wp-content\/uploads\/2023\/11\/RSAeroWorlds_LNISulcis2023_ElenaGiolai-0840.jpg","type":"image\/jpeg"}],"author":"Nox Oceani","twitter_card":"summary_large_image","twitter_misc":{"Escrito por":"Nox Oceani","Tiempo de lectura":"2 minutos"},"schema":{"@context":"https:\/\/schema.org","@graph":[{"@type":"Article","@id":"https:\/\/www.noxoceani.it\/es\/de-matteis-di-nox-oceani-vince-il-circuito-italiano-rs-aero6\/#article","isPartOf":{"@id":"https:\/\/www.noxoceani.it\/es\/de-matteis-di-nox-oceani-vince-il-circuito-italiano-rs-aero6\/"},"author":{"name":"Nox Oceani","@id":"https:\/\/www.noxoceani.it\/#\/schema\/person\/b67400d9451b004cebd7e997a7b080d5"},"headline":"De Matteis di Nox Oceani vince il circuito italiano RS Aero6","datePublished":"2023-11-27T15:15:29+00:00","dateModified":"2023-12-21T10:31:24+00:00","mainEntityOfPage":{"@id":"https:\/\/www.noxoceani.it\/es\/de-matteis-di-nox-oceani-vince-il-circuito-italiano-rs-aero6\/"},"wordCount":255,"publisher":{"@id":"https:\/\/www.noxoceani.it\/#organization"},"image":{"@id":"https:\/\/www.noxoceani.it\/es\/de-matteis-di-nox-oceani-vince-il-circuito-italiano-rs-aero6\/#primaryimage"},"thumbnailUrl":"https:\/\/www.noxoceani.it\/wp-content\/uploads\/2023\/11\/RSAeroWorlds_LNISulcis2023_ElenaGiolai-0840.jpg","articleSection":["Noticias"],"inLanguage":"es"},{"@type":"WebPage","@id":"https:\/\/www.noxoceani.it\/es\/de-matteis-di-nox-oceani-vince-il-circuito-italiano-rs-aero6\/","url":"https:\/\/www.noxoceani.it\/es\/de-matteis-di-nox-oceani-vince-il-circuito-italiano-rs-aero6\/","name":"De Matteis di Nox Oceani vince il circuito italiano RS Aero6 - Nox Oceani","isPartOf":{"@id":"https:\/\/www.noxoceani.it\/#website"},"primaryImageOfPage":{"@id":"https:\/\/www.noxoceani.it\/es\/de-matteis-di-nox-oceani-vince-il-circuito-italiano-rs-aero6\/#primaryimage"},"image":{"@id":"https:\/\/www.noxoceani.it\/es\/de-matteis-di-nox-oceani-vince-il-circuito-italiano-rs-aero6\/#primaryimage"},"thumbnailUrl":"https:\/\/www.noxoceani.it\/wp-content\/uploads\/2023\/11\/RSAeroWorlds_LNISulcis2023_ElenaGiolai-0840.jpg","datePublished":"2023-11-27T15:15:29+00:00","dateModified":"2023-12-21T10:31:24+00:00","breadcrumb":{"@id":"https:\/\/www.noxoceani.it\/es\/de-matteis-di-nox-oceani-vince-il-circuito-italiano-rs-aero6\/#breadcrumb"},"inLanguage":"es","potentialAction":[{"@type":"ReadAction","target":["https:\/\/www.noxoceani.it\/es\/de-matteis-di-nox-oceani-vince-il-circuito-italiano-rs-aero6\/"]}]},{"@type":"ImageObject","inLanguage":"es","@id":"https:\/\/www.noxoceani.it\/es\/de-matteis-di-nox-oceani-vince-il-circuito-italiano-rs-aero6\/#primaryimage","url":"https:\/\/www.noxoceani.it\/wp-content\/uploads\/2023\/11\/RSAeroWorlds_LNISulcis2023_ElenaGiolai-0840.jpg","contentUrl":"https:\/\/www.noxoceani.it\/wp-content\/uploads\/2023\/11\/RSAeroWorlds_LNISulcis2023_ElenaGiolai-0840.jpg","width":2000,"height":1333},{"@type":"BreadcrumbList","@id":"https:\/\/www.noxoceani.it\/es\/de-matteis-di-nox-oceani-vince-il-circuito-italiano-rs-aero6\/#breadcrumb","itemListElement":[{"@type":"ListItem","position":1,"name":"Home","item":"https:\/\/www.noxoceani.it\/es\/"},{"@type":"ListItem","position":2,"name":"De Matteis di Nox Oceani vince il circuito italiano RS Aero6"}]},{"@type":"WebSite","@id":"https:\/\/www.noxoceani.it\/#website","url":"https:\/\/www.noxoceani.it\/","name":"Nox Oceani","description":"Rispetto dell&#039;ambiente tramite la vela","publisher":{"@id":"https:\/\/www.noxoceani.it\/#organization"},"potentialAction":[{"@type":"SearchAction","target":{"@type":"EntryPoint","urlTemplate":"https:\/\/www.noxoceani.it\/?s={search_term_string}"},"query-input":{"@type":"PropertyValueSpecification","valueRequired":true,"valueName":"search_term_string"}}],"inLanguage":"es"},{"@type":"Organization","@id":"https:\/\/www.noxoceani.it\/#organization","name":"Nox Oceani","alternateName":"Nox Oceani","url":"https:\/\/www.noxoceani.it\/","logo":{"@type":"ImageObject","inLanguage":"es","@id":"https:\/\/www.noxoceani.it\/#\/schema\/logo\/image\/","url":"https:\/\/www.noxoceani.it\/wp-content\/uploads\/2023\/01\/nox-logo.png","contentUrl":"https:\/\/www.noxoceani.it\/wp-content\/uploads\/2023\/01\/nox-logo.png","width":500,"height":500,"caption":"Nox Oceani"},"image":{"@id":"https:\/\/www.noxoceani.it\/#\/schema\/logo\/image\/"}},{"@type":"Person","@id":"https:\/\/www.noxoceani.it\/#\/schema\/person\/b67400d9451b004cebd7e997a7b080d5","name":"Nox Oceani","image":{"@type":"ImageObject","inLanguage":"es","@id":"https:\/\/www.noxoceani.it\/#\/schema\/person\/image\/","url":"https:\/\/www.noxoceani.it\/wp-content\/uploads\/2023\/01\/favicon-120x120.jpg","contentUrl":"https:\/\/www.noxoceani.it\/wp-content\/uploads\/2023\/01\/favicon-120x120.jpg","caption":"Nox Oceani"},"sameAs":["https:\/\/www.noxoceani.it"],"url":"https:\/\/www.noxoceani.it\/es\/author\/n0x0c34n1\/"}]}},"_links":{"self":[{"href":"https:\/\/www.noxoceani.it\/es\/wp-json\/wp\/v2\/posts\/24041","targetHints":{"allow":["GET"]}}],"collection":[{"href":"https:\/\/www.noxoceani.it\/es\/wp-json\/wp\/v2\/posts"}],"about":[{"href":"https:\/\/www.noxoceani.it\/es\/wp-json\/wp\/v2\/types\/post"}],"author":[{"embeddable":true,"href":"https:\/\/www.noxoceani.it\/es\/wp-json\/wp\/v2\/users\/1"}],"replies":[{"embeddable":true,"href":"https:\/\/www.noxoceani.it\/es\/wp-json\/wp\/v2\/comments?post=24041"}],"version-history":[{"count":1,"href":"https:\/\/www.noxoceani.it\/es\/wp-json\/wp\/v2\/posts\/24041\/revisions"}],"predecessor-version":[{"id":24042,"href":"https:\/\/www.noxoceani.it\/es\/wp-json\/wp\/v2\/posts\/24041\/revisions\/24042"}],"wp:featuredmedia":[{"embeddable":true,"href":"https:\/\/www.noxoceani.it\/es\/wp-json\/wp\/v2\/media\/23890"}],"wp:attachment":[{"href":"https:\/\/www.noxoceani.it\/es\/wp-json\/wp\/v2\/media?parent=24041"}],"wp:term":[{"taxonomy":"category","embeddable":true,"href":"https:\/\/www.noxoceani.it\/es\/wp-json\/wp\/v2\/categories?post=24041"},{"taxonomy":"post_tag","embeddable":true,"href":"https:\/\/www.noxoceani.it\/es\/wp-json\/wp\/v2\/tags?post=24041"}],"curies":[{"name":"wp","href":"https:\/\/api.w.org\/{rel}","templated":true}]}}