{"id":24409,"date":"2023-06-04T22:05:53","date_gmt":"2023-06-04T20:05:53","guid":{"rendered":"https:\/\/www.noxoceani.it\/151-miglia\/"},"modified":"2024-01-18T17:58:49","modified_gmt":"2024-01-18T16:58:49","slug":"151-miglia","status":"publish","type":"post","link":"https:\/\/www.noxoceani.it\/en\/151-miglia\/","title":{"rendered":"151 Miglia 2023, Nox Oceani c&#8217;era"},"content":{"rendered":"\t\t<div data-elementor-type=\"wp-post\" data-elementor-id=\"24409\" class=\"elementor elementor-24409\" data-elementor-post-type=\"post\">\n\t\t\t\t\t\t<section class=\"elementor-section elementor-top-section elementor-element elementor-element-df8354d elementor-section-full_width elementor-section-height-default elementor-section-height-default sc_fly_static\" data-id=\"df8354d\" data-element_type=\"section\">\n\t\t\t\t\t\t<div class=\"elementor-container elementor-column-gap-extended\">\n\t\t\t\t\t<div class=\"elementor-column elementor-col-100 elementor-top-column elementor-element elementor-element-be31d80 sc_inner_width_none sc_content_align_inherit sc_layouts_column_icons_position_left sc_fly_static\" data-id=\"be31d80\" data-element_type=\"column\">\n\t\t\t<div class=\"elementor-widget-wrap elementor-element-populated\">\n\t\t\t\t\t\t<div class=\"elementor-element elementor-element-39895c4 elementor-widget__width-inherit sc_fly_static elementor-widget elementor-widget-heading\" data-id=\"39895c4\" data-element_type=\"widget\" data-widget_type=\"heading.default\">\n\t\t\t\t<div class=\"elementor-widget-container\">\n\t\t\t\t\t<p class=\"elementor-heading-title elementor-size-default\">4 Giugno 2023<\/p>\t\t\t\t<\/div>\n\t\t\t\t<\/div>\n\t\t\t\t<div class=\"elementor-element elementor-element-70fe781 sc_fly_static elementor-widget elementor-widget-spacer\" data-id=\"70fe781\" data-element_type=\"widget\" data-widget_type=\"spacer.default\">\n\t\t\t\t<div class=\"elementor-widget-container\">\n\t\t\t\t\t\t\t<div class=\"elementor-spacer\">\n\t\t\t<div class=\"elementor-spacer-inner\"><\/div>\n\t\t<\/div>\n\t\t\t\t\t\t<\/div>\n\t\t\t\t<\/div>\n\t\t\t\t<div class=\"elementor-element elementor-element-fc1d353 sc_fly_static elementor-widget elementor-widget-text-editor\" data-id=\"fc1d353\" data-element_type=\"widget\" data-widget_type=\"text-editor.default\">\n\t\t\t\t<div class=\"elementor-widget-container\">\n\t\t\t\t\t\t\t\t\t<p><span class=\"trx_addons_dropcap trx_addons_dropcap_style_2\">T<\/span><\/p><p>he place to be, il posto dove stare. Questo lo slogan della <strong>151 Miglia 2023<\/strong>, una regata aperta a tutti, concepita per esaltare le qualit\u00e0 strategiche degli equipaggi partecipanti, ma soprattutto per <strong>vivere emozioni<\/strong> che solo la passione, lo sport e il mare sanno generare. Una <strong>regata<\/strong> che porta con s\u00e9 tutta la forza del mare e del vento.<\/p><p>Nell\u2019ambito della vela italiana, la 151 Miglia \u00e8 il simbolo di una <strong>sfida sportiva<\/strong> avvincente e di un <strong>evento imperdibile<\/strong>, sicuramente una delle pi\u00f9 belle regate d\u2019altura del <strong>Mediterraneo<\/strong> con quasi 200 barche iscritte suddivise in varie categorie. <strong>Nox Oceani c\u2019era<\/strong>, non poteva certo mancare, a bordo di <strong>Mira<\/strong>, un Grand Soleil 52 LC portacolori dello Yacht Club Cala dei Sardi, barca da crociera ottimizzata per partecipare alle <strong>regate d\u2019altura<\/strong>.<span class=\"Apple-converted-space\">\u00a0<\/span><\/p>\t\t\t\t\t\t\t\t<\/div>\n\t\t\t\t<\/div>\n\t\t\t\t<div class=\"elementor-element elementor-element-37c73fc sc_fly_static elementor-widget elementor-widget-spacer\" data-id=\"37c73fc\" data-element_type=\"widget\" data-widget_type=\"spacer.default\">\n\t\t\t\t<div class=\"elementor-widget-container\">\n\t\t\t\t\t\t\t<div class=\"elementor-spacer\">\n\t\t\t<div class=\"elementor-spacer-inner\"><\/div>\n\t\t<\/div>\n\t\t\t\t\t\t<\/div>\n\t\t\t\t<\/div>\n\t\t\t\t\t<\/div>\n\t\t<\/div>\n\t\t\t\t\t<\/div>\n\t\t<\/section>\n\t\t\t\t<section class=\"elementor-section elementor-top-section elementor-element elementor-element-f2e0eb4 elementor-section-boxed elementor-section-height-default elementor-section-height-default sc_fly_static\" data-id=\"f2e0eb4\" data-element_type=\"section\">\n\t\t\t\t\t\t<div class=\"elementor-container elementor-column-gap-extended\">\n\t\t\t\t\t<div class=\"elementor-column elementor-col-100 elementor-top-column elementor-element elementor-element-54642be sc_inner_width_none sc_content_align_inherit sc_layouts_column_icons_position_left sc_fly_static\" data-id=\"54642be\" data-element_type=\"column\">\n\t\t\t<div class=\"elementor-widget-wrap elementor-element-populated\">\n\t\t\t\t\t\t<div class=\"elementor-element elementor-element-0fb6251 sc_fly_static elementor-widget elementor-widget-image\" data-id=\"0fb6251\" data-element_type=\"widget\" data-widget_type=\"image.default\">\n\t\t\t\t<div class=\"elementor-widget-container\">\n\t\t\t\t\t\t\t\t\t\t\t\t\t\t\t<img fetchpriority=\"high\" decoding=\"async\" width=\"1024\" height=\"768\" src=\"https:\/\/www.noxoceani.it\/wp-content\/uploads\/2023\/06\/IMG_3866-1024x768.jpeg\" class=\"attachment-large size-large wp-image-22043\" alt=\"\" srcset=\"https:\/\/www.noxoceani.it\/wp-content\/uploads\/2023\/06\/IMG_3866-1024x768.jpeg 1024w, https:\/\/www.noxoceani.it\/wp-content\/uploads\/2023\/06\/IMG_3866-300x225.jpeg 300w, https:\/\/www.noxoceani.it\/wp-content\/uploads\/2023\/06\/IMG_3866-768x576.jpeg 768w, https:\/\/www.noxoceani.it\/wp-content\/uploads\/2023\/06\/IMG_3866-1536x1152.jpeg 1536w, https:\/\/www.noxoceani.it\/wp-content\/uploads\/2023\/06\/IMG_3866-2048x1536.jpeg 2048w, https:\/\/www.noxoceani.it\/wp-content\/uploads\/2023\/06\/IMG_3866-370x278.jpeg 370w, https:\/\/www.noxoceani.it\/wp-content\/uploads\/2023\/06\/IMG_3866-840x630.jpeg 840w, https:\/\/www.noxoceani.it\/wp-content\/uploads\/2023\/06\/IMG_3866-410x308.jpeg 410w\" sizes=\"(max-width: 1024px) 100vw, 1024px\" \/>\t\t\t\t\t\t\t\t\t\t\t\t\t\t\t<\/div>\n\t\t\t\t<\/div>\n\t\t\t\t<div class=\"elementor-element elementor-element-7aa2580 sc_fly_static elementor-widget elementor-widget-spacer\" data-id=\"7aa2580\" data-element_type=\"widget\" data-widget_type=\"spacer.default\">\n\t\t\t\t<div class=\"elementor-widget-container\">\n\t\t\t\t\t\t\t<div class=\"elementor-spacer\">\n\t\t\t<div class=\"elementor-spacer-inner\"><\/div>\n\t\t<\/div>\n\t\t\t\t\t\t<\/div>\n\t\t\t\t<\/div>\n\t\t\t\t<div class=\"elementor-element elementor-element-cb1b3aa sc_fly_static elementor-widget elementor-widget-text-editor\" data-id=\"cb1b3aa\" data-element_type=\"widget\" data-widget_type=\"text-editor.default\">\n\t\t\t\t<div class=\"elementor-widget-container\">\n\t\t\t\t\t\t\t\t\t<p>Primo giugno, <strong>barca pronta<\/strong>, vele a bordo e cambusa fatta. Meteo verificato e confermato dal Comitato di Regata che ha deciso per un percorso pi\u00f9 corto rispetto al solito. Poco vento previsto, e cos\u00ec \u00e8 stato. Ci presentiamo sulla linea di partenza, un vero spettacolo vedere dal vivo <strong>FlyingNikka<\/strong>, <strong>Arca<\/strong> e tanti racer da regata con a bordo i migliori professionisti della <strong>vela internazionale<\/strong>. Iniziano le procedure di partenza dove con Mira, in categoria <strong>ORC 1 GC<\/strong>, partiremo nella seconda batteria.<\/p><p>Di fianco a noi, sottovento, un monumento della vela, <strong>Mauro Pelaschier<\/strong>, l\u2019indimenticabile timoniere di <strong>Azzurra<\/strong>. Partiamo mure a dritta e incrociamo <strong>Torben Grael<\/strong> al timone di Vanessa, la barca di <strong>Patrizio Bertelli<\/strong>, giusto per capire il livello. Due virate per liberarci dalle coperture e via alla boa di disimpegno per poi procedere spediti sotto gennaker sino a <strong>Marina di Pisa<\/strong> dove troviamo le successive tre boe da lasciare a sinistra prima di navigare in direzione Corsica, alla <strong>Giraglia<\/strong>.<\/p>\t\t\t\t\t\t\t\t<\/div>\n\t\t\t\t<\/div>\n\t\t\t\t<div class=\"elementor-element elementor-element-bff1cc8 sc_fly_static elementor-widget elementor-widget-spacer\" data-id=\"bff1cc8\" data-element_type=\"widget\" data-widget_type=\"spacer.default\">\n\t\t\t\t<div class=\"elementor-widget-container\">\n\t\t\t\t\t\t\t<div class=\"elementor-spacer\">\n\t\t\t<div class=\"elementor-spacer-inner\"><\/div>\n\t\t<\/div>\n\t\t\t\t\t\t<\/div>\n\t\t\t\t<\/div>\n\t\t\t\t<div class=\"elementor-element elementor-element-1ebe16a sc_fly_static elementor-widget elementor-widget-image\" data-id=\"1ebe16a\" data-element_type=\"widget\" data-widget_type=\"image.default\">\n\t\t\t\t<div class=\"elementor-widget-container\">\n\t\t\t\t\t\t\t\t\t\t\t\t\t\t\t<img decoding=\"async\" width=\"1024\" height=\"683\" src=\"https:\/\/www.noxoceani.it\/wp-content\/uploads\/2023\/06\/IMG_3896-1024x683.jpg\" class=\"attachment-large size-large wp-image-22045\" alt=\"\" srcset=\"https:\/\/www.noxoceani.it\/wp-content\/uploads\/2023\/06\/IMG_3896-1024x683.jpg 1024w, https:\/\/www.noxoceani.it\/wp-content\/uploads\/2023\/06\/IMG_3896-300x200.jpg 300w, https:\/\/www.noxoceani.it\/wp-content\/uploads\/2023\/06\/IMG_3896-768x513.jpg 768w, https:\/\/www.noxoceani.it\/wp-content\/uploads\/2023\/06\/IMG_3896-370x247.jpg 370w, https:\/\/www.noxoceani.it\/wp-content\/uploads\/2023\/06\/IMG_3896-840x561.jpg 840w, https:\/\/www.noxoceani.it\/wp-content\/uploads\/2023\/06\/IMG_3896-410x274.jpg 410w, https:\/\/www.noxoceani.it\/wp-content\/uploads\/2023\/06\/IMG_3896.jpg 1500w\" sizes=\"(max-width: 1024px) 100vw, 1024px\" \/>\t\t\t\t\t\t\t\t\t\t\t\t\t\t\t<\/div>\n\t\t\t\t<\/div>\n\t\t\t\t<div class=\"elementor-element elementor-element-b8676d4 sc_fly_static elementor-widget elementor-widget-spacer\" data-id=\"b8676d4\" data-element_type=\"widget\" data-widget_type=\"spacer.default\">\n\t\t\t\t<div class=\"elementor-widget-container\">\n\t\t\t\t\t\t\t<div class=\"elementor-spacer\">\n\t\t\t<div class=\"elementor-spacer-inner\"><\/div>\n\t\t<\/div>\n\t\t\t\t\t\t<\/div>\n\t\t\t\t<\/div>\n\t\t\t\t<div class=\"elementor-element elementor-element-a86b4b1 sc_fly_static elementor-widget elementor-widget-text-editor\" data-id=\"a86b4b1\" data-element_type=\"widget\" data-widget_type=\"text-editor.default\">\n\t\t\t\t<div class=\"elementor-widget-container\">\n\t\t\t\t\t\t\t\t\t<p>Inizia qui una <strong>lunga bolina<\/strong>, 50 miglia circa, da fare con un vento proveniente da ovest-nord-ovest sui 5 nodi, a tratti meno. Il sole tramonta, iniziano i turni e la navigazione con la luna piena. Ad accompagnarci durante la notte l\u2019essenza di Nox Oceani. <strong>La notte degli oceani<\/strong>, quel momento in cui il mare riposa e sei in pieno contatto con la <strong>natura<\/strong>. A vela, il modo pi\u00f9 antico di navigare nel totale <strong>rispetto del mare<\/strong>. Un equilibrio puro, magico.<\/p>\t\t\t\t\t\t\t\t<\/div>\n\t\t\t\t<\/div>\n\t\t\t\t<div class=\"elementor-element elementor-element-a56b22b sc_fly_static elementor-widget elementor-widget-spacer\" data-id=\"a56b22b\" data-element_type=\"widget\" data-widget_type=\"spacer.default\">\n\t\t\t\t<div class=\"elementor-widget-container\">\n\t\t\t\t\t\t\t<div class=\"elementor-spacer\">\n\t\t\t<div class=\"elementor-spacer-inner\"><\/div>\n\t\t<\/div>\n\t\t\t\t\t\t<\/div>\n\t\t\t\t<\/div>\n\t\t\t\t\t<\/div>\n\t\t<\/div>\n\t\t\t\t\t<\/div>\n\t\t<\/section>\n\t\t\t\t<section class=\"elementor-section elementor-top-section elementor-element elementor-element-bbbdaa9 elementor-section-boxed elementor-section-height-default elementor-section-height-default sc_fly_static\" data-id=\"bbbdaa9\" data-element_type=\"section\">\n\t\t\t\t\t\t<div class=\"elementor-container elementor-column-gap-extended\">\n\t\t\t\t\t<div class=\"elementor-column elementor-col-100 elementor-top-column elementor-element elementor-element-261f95f sc_inner_width_none sc_content_align_inherit sc_layouts_column_icons_position_left sc_fly_static\" data-id=\"261f95f\" data-element_type=\"column\">\n\t\t\t<div class=\"elementor-widget-wrap elementor-element-populated\">\n\t\t\t\t\t\t<div class=\"elementor-element elementor-element-54183f8 sc_fly_static elementor-widget elementor-widget-image\" data-id=\"54183f8\" data-element_type=\"widget\" data-widget_type=\"image.default\">\n\t\t\t\t<div class=\"elementor-widget-container\">\n\t\t\t\t\t\t\t\t\t\t\t\t\t\t\t<img decoding=\"async\" width=\"1024\" height=\"572\" src=\"https:\/\/www.noxoceani.it\/wp-content\/uploads\/2023\/06\/0e46316a-da38-4d6c-80a2-29621c8d6ff5-2-1024x572.jpg\" class=\"attachment-large size-large wp-image-22047\" alt=\"\" srcset=\"https:\/\/www.noxoceani.it\/wp-content\/uploads\/2023\/06\/0e46316a-da38-4d6c-80a2-29621c8d6ff5-2-1024x572.jpg 1024w, https:\/\/www.noxoceani.it\/wp-content\/uploads\/2023\/06\/0e46316a-da38-4d6c-80a2-29621c8d6ff5-2-300x167.jpg 300w, https:\/\/www.noxoceani.it\/wp-content\/uploads\/2023\/06\/0e46316a-da38-4d6c-80a2-29621c8d6ff5-2-768x429.jpg 768w, https:\/\/www.noxoceani.it\/wp-content\/uploads\/2023\/06\/0e46316a-da38-4d6c-80a2-29621c8d6ff5-2-370x207.jpg 370w, https:\/\/www.noxoceani.it\/wp-content\/uploads\/2023\/06\/0e46316a-da38-4d6c-80a2-29621c8d6ff5-2-410x229.jpg 410w, https:\/\/www.noxoceani.it\/wp-content\/uploads\/2023\/06\/0e46316a-da38-4d6c-80a2-29621c8d6ff5-2-840x469.jpg 840w, https:\/\/www.noxoceani.it\/wp-content\/uploads\/2023\/06\/0e46316a-da38-4d6c-80a2-29621c8d6ff5-2-270x152.jpg 270w, https:\/\/www.noxoceani.it\/wp-content\/uploads\/2023\/06\/0e46316a-da38-4d6c-80a2-29621c8d6ff5-2.jpg 1372w\" sizes=\"(max-width: 1024px) 100vw, 1024px\" \/>\t\t\t\t\t\t\t\t\t\t\t\t\t\t\t<\/div>\n\t\t\t\t<\/div>\n\t\t\t\t<div class=\"elementor-element elementor-element-adc8dea sc_fly_static elementor-widget elementor-widget-spacer\" data-id=\"adc8dea\" data-element_type=\"widget\" data-widget_type=\"spacer.default\">\n\t\t\t\t<div class=\"elementor-widget-container\">\n\t\t\t\t\t\t\t<div class=\"elementor-spacer\">\n\t\t\t<div class=\"elementor-spacer-inner\"><\/div>\n\t\t<\/div>\n\t\t\t\t\t\t<\/div>\n\t\t\t\t<\/div>\n\t\t\t\t<div class=\"elementor-element elementor-element-2a097ae sc_fly_static elementor-widget elementor-widget-text-editor\" data-id=\"2a097ae\" data-element_type=\"widget\" data-widget_type=\"text-editor.default\">\n\t\t\t\t<div class=\"elementor-widget-container\">\n\t\t\t\t\t\t\t\t\t<p>Ma torniamo alla regata. I 5 nodi di vento sono troppo pochi per Mira, che pesa oltre 18.000 chili e a cui manca il <strong>Jib Light<\/strong>. Nonostante tutto ci difendiamo bene rispetto agli altri tanto che l\u2019applicazione in tempo reale della regata ci calcolava in <strong>prima posizione<\/strong> tra le barche della nostra categoria. L\u2019arrivo alla <strong>Giraglia<\/strong> \u00e8 di prima mattina con anche il saluto dei delfini a prua. Calo di vento totale, la flotta si compatta e riparte a fatica. Con le prime brezze riprendiamo a camminare, lentamente, verso l\u2019<strong>Isola d\u2019Elba<\/strong>.<\/p><p>Piano piano gadagnamo terreno grazie al <strong>gennaker<\/strong> e al code0. Una nuova corsa verso il gate da passare, come previsto dal comitato, a <strong>Punta della Fetovaglia<\/strong>, accompagnati da un <strong>maestrale<\/strong> sugli 8 nodi. E di nuovo, a sud dell\u2019Elba, tutti fermi per la seconda volta. Inutile dire che il vantaggio sulle barche pi\u00f9 piccole si era praticamente azzerato. Altra ripartenza quindi, sempre con poca aria, e successivo stop ad est dell\u2019Elba per l&#8217;ennesimo <strong>calo di vento<\/strong>.<\/p>\t\t\t\t\t\t\t\t<\/div>\n\t\t\t\t<\/div>\n\t\t\t\t<div class=\"elementor-element elementor-element-4eebe91 sc_fly_static elementor-widget elementor-widget-spacer\" data-id=\"4eebe91\" data-element_type=\"widget\" data-widget_type=\"spacer.default\">\n\t\t\t\t<div class=\"elementor-widget-container\">\n\t\t\t\t\t\t\t<div class=\"elementor-spacer\">\n\t\t\t<div class=\"elementor-spacer-inner\"><\/div>\n\t\t<\/div>\n\t\t\t\t\t\t<\/div>\n\t\t\t\t<\/div>\n\t\t\t\t<div class=\"elementor-element elementor-element-ccbb3ad sc_fly_static elementor-widget elementor-widget-image\" data-id=\"ccbb3ad\" data-element_type=\"widget\" data-widget_type=\"image.default\">\n\t\t\t\t<div class=\"elementor-widget-container\">\n\t\t\t\t\t\t\t\t\t\t\t\t\t\t\t<img loading=\"lazy\" decoding=\"async\" width=\"1005\" height=\"542\" src=\"https:\/\/www.noxoceani.it\/wp-content\/uploads\/2023\/06\/8880858c-1a5c-4031-8f1a-5ce36e22beec-2.jpg\" class=\"attachment-large size-large wp-image-22055\" alt=\"\" srcset=\"https:\/\/www.noxoceani.it\/wp-content\/uploads\/2023\/06\/8880858c-1a5c-4031-8f1a-5ce36e22beec-2.jpg 1005w, https:\/\/www.noxoceani.it\/wp-content\/uploads\/2023\/06\/8880858c-1a5c-4031-8f1a-5ce36e22beec-2-300x162.jpg 300w, https:\/\/www.noxoceani.it\/wp-content\/uploads\/2023\/06\/8880858c-1a5c-4031-8f1a-5ce36e22beec-2-768x414.jpg 768w, https:\/\/www.noxoceani.it\/wp-content\/uploads\/2023\/06\/8880858c-1a5c-4031-8f1a-5ce36e22beec-2-370x200.jpg 370w, https:\/\/www.noxoceani.it\/wp-content\/uploads\/2023\/06\/8880858c-1a5c-4031-8f1a-5ce36e22beec-2-840x453.jpg 840w, https:\/\/www.noxoceani.it\/wp-content\/uploads\/2023\/06\/8880858c-1a5c-4031-8f1a-5ce36e22beec-2-410x221.jpg 410w\" sizes=\"(max-width: 1005px) 100vw, 1005px\" \/>\t\t\t\t\t\t\t\t\t\t\t\t\t\t\t<\/div>\n\t\t\t\t<\/div>\n\t\t\t\t<div class=\"elementor-element elementor-element-03519f9 sc_fly_static elementor-widget elementor-widget-spacer\" data-id=\"03519f9\" data-element_type=\"widget\" data-widget_type=\"spacer.default\">\n\t\t\t\t<div class=\"elementor-widget-container\">\n\t\t\t\t\t\t\t<div class=\"elementor-spacer\">\n\t\t\t<div class=\"elementor-spacer-inner\"><\/div>\n\t\t<\/div>\n\t\t\t\t\t\t<\/div>\n\t\t\t\t<\/div>\n\t\t\t\t<div class=\"elementor-element elementor-element-d1818f3 sc_fly_static elementor-widget elementor-widget-text-editor\" data-id=\"d1818f3\" data-element_type=\"widget\" data-widget_type=\"text-editor.default\">\n\t\t\t\t<div class=\"elementor-widget-container\">\n\t\t\t\t\t\t\t\t\t<p>Era mezzanotte, mancano le ultime <strong>18 miglia<\/strong>, l\u2019arrivo \u00e8 a <strong>Punta Ala<\/strong>. La flotta riparte con un venticello sugli 8 nodi. L\u2019applicazione ci dava secondi, a volte terzi, di categoria, ma in cos\u00ec poca distanza non era pi\u00f9 possibile recuperare sul rating. Alle 3 e 37 (e 28 secondi) del 3 giugno abbiamo tagliato il traguardo. La classifica ci ha poi visto quarti ma il risultato agonistico viene dopo, prima il <strong>divertimento<\/strong>. Avremmo preferito stare sul podio, probabilmente ce lo meritavamo, ma eravamo comunque alla <a href=\"https:\/\/151miglia.it\"><strong>151 Miglia<\/strong><\/a>, una bellissima regata dove abbiamo sventolato la bandiera di Nox Oceani.<\/p>\t\t\t\t\t\t\t\t<\/div>\n\t\t\t\t<\/div>\n\t\t\t\t<div class=\"elementor-element elementor-element-71beb0e sc_fly_static elementor-widget elementor-widget-spacer\" data-id=\"71beb0e\" data-element_type=\"widget\" data-widget_type=\"spacer.default\">\n\t\t\t\t<div class=\"elementor-widget-container\">\n\t\t\t\t\t\t\t<div class=\"elementor-spacer\">\n\t\t\t<div class=\"elementor-spacer-inner\"><\/div>\n\t\t<\/div>\n\t\t\t\t\t\t<\/div>\n\t\t\t\t<\/div>\n\t\t\t\t<div class=\"elementor-element elementor-element-971bc42 sc_fly_static elementor-widget elementor-widget-image\" data-id=\"971bc42\" data-element_type=\"widget\" data-widget_type=\"image.default\">\n\t\t\t\t<div class=\"elementor-widget-container\">\n\t\t\t\t\t\t\t\t\t\t\t\t\t\t\t<img loading=\"lazy\" decoding=\"async\" width=\"1024\" height=\"460\" src=\"https:\/\/www.noxoceani.it\/wp-content\/uploads\/2023\/06\/f5730164-991b-4377-a83d-3b8f6aed9885-2.jpg\" class=\"attachment-large size-large wp-image-22052\" alt=\"\" \/>\t\t\t\t\t\t\t\t\t\t\t\t\t\t\t<\/div>\n\t\t\t\t<\/div>\n\t\t\t\t\t<\/div>\n\t\t<\/div>\n\t\t\t\t\t<\/div>\n\t\t<\/section>\n\t\t\t\t<\/div>\n\t\t","protected":false},"excerpt":{"rendered":"<p>4 Giugno 2023 T he place to be, il posto dove stare. Questo lo slogan della 151 Miglia 2023, una regata aperta a tutti, concepita per esaltare le qualit\u00e0 strategiche&hellip;<\/p>\n","protected":false},"author":1,"featured_media":23561,"comment_status":"closed","ping_status":"open","sticky":false,"template":"","format":"standard","meta":{"_monsterinsights_skip_tracking":false,"_monsterinsights_sitenote_active":false,"_monsterinsights_sitenote_note":"","_monsterinsights_sitenote_category":0,"footnotes":""},"categories":[274],"tags":[],"class_list":["post-24409","post","type-post","status-publish","format-standard","has-post-thumbnail","hentry","category-news-en"],"yoast_head":"<!-- This site is optimized with the Yoast SEO plugin v24.5 - https:\/\/yoast.com\/wordpress\/plugins\/seo\/ -->\n<title>151 Miglia 2023, Nox Oceani c&#039;era - Nox Oceani<\/title>\n<meta name=\"description\" content=\"151 Miglia, Nox Oceani a bordo di Mira, un Grand Soleil 52 LC, barca da crociera ottimizzata per partecipare alle regate d\u2019altura.\" \/>\n<meta name=\"robots\" content=\"index, follow, max-snippet:-1, max-image-preview:large, max-video-preview:-1\" \/>\n<link rel=\"canonical\" href=\"https:\/\/www.noxoceani.it\/en\/151-miglia\/\" \/>\n<meta property=\"og:locale\" content=\"en_US\" \/>\n<meta property=\"og:type\" content=\"article\" \/>\n<meta property=\"og:title\" content=\"151 Miglia 2023, Nox Oceani c&#039;era - Nox Oceani\" \/>\n<meta property=\"og:description\" content=\"151 Miglia, Nox Oceani a bordo di Mira, un Grand Soleil 52 LC, barca da crociera ottimizzata per partecipare alle regate d\u2019altura.\" \/>\n<meta property=\"og:url\" content=\"https:\/\/www.noxoceani.it\/en\/151-miglia\/\" \/>\n<meta property=\"og:site_name\" content=\"Nox Oceani\" \/>\n<meta property=\"article:published_time\" content=\"2023-06-04T20:05:53+00:00\" \/>\n<meta property=\"article:modified_time\" content=\"2024-01-18T16:58:49+00:00\" \/>\n<meta property=\"og:image\" content=\"https:\/\/www.noxoceani.it\/wp-content\/uploads\/2023\/06\/09b17e09-1efb-4cdb-8953-37fefe29f44e.jpg\" \/>\n\t<meta property=\"og:image:width\" content=\"1500\" \/>\n\t<meta property=\"og:image:height\" content=\"1000\" \/>\n\t<meta property=\"og:image:type\" content=\"image\/jpeg\" \/>\n<meta name=\"author\" content=\"Nox Oceani\" \/>\n<meta name=\"twitter:card\" content=\"summary_large_image\" \/>\n<meta name=\"twitter:label1\" content=\"Written by\" \/>\n\t<meta name=\"twitter:data1\" content=\"Nox Oceani\" \/>\n\t<meta name=\"twitter:label2\" content=\"Est. reading time\" \/>\n\t<meta name=\"twitter:data2\" content=\"5 minutes\" \/>\n<script type=\"application\/ld+json\" class=\"yoast-schema-graph\">{\"@context\":\"https:\/\/schema.org\",\"@graph\":[{\"@type\":\"Article\",\"@id\":\"https:\/\/www.noxoceani.it\/en\/151-miglia\/#article\",\"isPartOf\":{\"@id\":\"https:\/\/www.noxoceani.it\/en\/151-miglia\/\"},\"author\":{\"name\":\"Nox Oceani\",\"@id\":\"https:\/\/www.noxoceani.it\/#\/schema\/person\/b67400d9451b004cebd7e997a7b080d5\"},\"headline\":\"151 Miglia 2023, Nox Oceani c&#8217;era\",\"datePublished\":\"2023-06-04T20:05:53+00:00\",\"dateModified\":\"2024-01-18T16:58:49+00:00\",\"mainEntityOfPage\":{\"@id\":\"https:\/\/www.noxoceani.it\/en\/151-miglia\/\"},\"wordCount\":633,\"publisher\":{\"@id\":\"https:\/\/www.noxoceani.it\/#organization\"},\"image\":{\"@id\":\"https:\/\/www.noxoceani.it\/en\/151-miglia\/#primaryimage\"},\"thumbnailUrl\":\"https:\/\/www.noxoceani.it\/wp-content\/uploads\/2023\/06\/09b17e09-1efb-4cdb-8953-37fefe29f44e.jpg\",\"articleSection\":[\"News\"],\"inLanguage\":\"en-US\"},{\"@type\":\"WebPage\",\"@id\":\"https:\/\/www.noxoceani.it\/en\/151-miglia\/\",\"url\":\"https:\/\/www.noxoceani.it\/en\/151-miglia\/\",\"name\":\"151 Miglia 2023, Nox Oceani c'era - Nox Oceani\",\"isPartOf\":{\"@id\":\"https:\/\/www.noxoceani.it\/#website\"},\"primaryImageOfPage\":{\"@id\":\"https:\/\/www.noxoceani.it\/en\/151-miglia\/#primaryimage\"},\"image\":{\"@id\":\"https:\/\/www.noxoceani.it\/en\/151-miglia\/#primaryimage\"},\"thumbnailUrl\":\"https:\/\/www.noxoceani.it\/wp-content\/uploads\/2023\/06\/09b17e09-1efb-4cdb-8953-37fefe29f44e.jpg\",\"datePublished\":\"2023-06-04T20:05:53+00:00\",\"dateModified\":\"2024-01-18T16:58:49+00:00\",\"description\":\"151 Miglia, Nox Oceani a bordo di Mira, un Grand Soleil 52 LC, barca da crociera ottimizzata per partecipare alle regate d\u2019altura.\",\"breadcrumb\":{\"@id\":\"https:\/\/www.noxoceani.it\/en\/151-miglia\/#breadcrumb\"},\"inLanguage\":\"en-US\",\"potentialAction\":[{\"@type\":\"ReadAction\",\"target\":[\"https:\/\/www.noxoceani.it\/en\/151-miglia\/\"]}]},{\"@type\":\"ImageObject\",\"inLanguage\":\"en-US\",\"@id\":\"https:\/\/www.noxoceani.it\/en\/151-miglia\/#primaryimage\",\"url\":\"https:\/\/www.noxoceani.it\/wp-content\/uploads\/2023\/06\/09b17e09-1efb-4cdb-8953-37fefe29f44e.jpg\",\"contentUrl\":\"https:\/\/www.noxoceani.it\/wp-content\/uploads\/2023\/06\/09b17e09-1efb-4cdb-8953-37fefe29f44e.jpg\",\"width\":1500,\"height\":1000},{\"@type\":\"BreadcrumbList\",\"@id\":\"https:\/\/www.noxoceani.it\/en\/151-miglia\/#breadcrumb\",\"itemListElement\":[{\"@type\":\"ListItem\",\"position\":1,\"name\":\"Home\",\"item\":\"https:\/\/www.noxoceani.it\/en\/\"},{\"@type\":\"ListItem\",\"position\":2,\"name\":\"151 Miglia 2023, Nox Oceani c&#8217;era\"}]},{\"@type\":\"WebSite\",\"@id\":\"https:\/\/www.noxoceani.it\/#website\",\"url\":\"https:\/\/www.noxoceani.it\/\",\"name\":\"Nox Oceani\",\"description\":\"Rispetto dell&#039;ambiente tramite la vela\",\"publisher\":{\"@id\":\"https:\/\/www.noxoceani.it\/#organization\"},\"potentialAction\":[{\"@type\":\"SearchAction\",\"target\":{\"@type\":\"EntryPoint\",\"urlTemplate\":\"https:\/\/www.noxoceani.it\/?s={search_term_string}\"},\"query-input\":{\"@type\":\"PropertyValueSpecification\",\"valueRequired\":true,\"valueName\":\"search_term_string\"}}],\"inLanguage\":\"en-US\"},{\"@type\":\"Organization\",\"@id\":\"https:\/\/www.noxoceani.it\/#organization\",\"name\":\"Nox Oceani\",\"alternateName\":\"Nox Oceani\",\"url\":\"https:\/\/www.noxoceani.it\/\",\"logo\":{\"@type\":\"ImageObject\",\"inLanguage\":\"en-US\",\"@id\":\"https:\/\/www.noxoceani.it\/#\/schema\/logo\/image\/\",\"url\":\"https:\/\/www.noxoceani.it\/wp-content\/uploads\/2023\/01\/nox-logo.png\",\"contentUrl\":\"https:\/\/www.noxoceani.it\/wp-content\/uploads\/2023\/01\/nox-logo.png\",\"width\":500,\"height\":500,\"caption\":\"Nox Oceani\"},\"image\":{\"@id\":\"https:\/\/www.noxoceani.it\/#\/schema\/logo\/image\/\"}},{\"@type\":\"Person\",\"@id\":\"https:\/\/www.noxoceani.it\/#\/schema\/person\/b67400d9451b004cebd7e997a7b080d5\",\"name\":\"Nox Oceani\",\"image\":{\"@type\":\"ImageObject\",\"inLanguage\":\"en-US\",\"@id\":\"https:\/\/www.noxoceani.it\/#\/schema\/person\/image\/\",\"url\":\"https:\/\/www.noxoceani.it\/wp-content\/uploads\/2023\/01\/favicon-120x120.jpg\",\"contentUrl\":\"https:\/\/www.noxoceani.it\/wp-content\/uploads\/2023\/01\/favicon-120x120.jpg\",\"caption\":\"Nox Oceani\"},\"sameAs\":[\"https:\/\/www.noxoceani.it\"],\"url\":\"https:\/\/www.noxoceani.it\/en\/author\/n0x0c34n1\/\"}]}<\/script>\n<!-- \/ Yoast SEO plugin. -->","yoast_head_json":{"title":"151 Miglia 2023, Nox Oceani c'era - Nox Oceani","description":"151 Miglia, Nox Oceani a bordo di Mira, un Grand Soleil 52 LC, barca da crociera ottimizzata per partecipare alle regate d\u2019altura.","robots":{"index":"index","follow":"follow","max-snippet":"max-snippet:-1","max-image-preview":"max-image-preview:large","max-video-preview":"max-video-preview:-1"},"canonical":"https:\/\/www.noxoceani.it\/en\/151-miglia\/","og_locale":"en_US","og_type":"article","og_title":"151 Miglia 2023, Nox Oceani c'era - Nox Oceani","og_description":"151 Miglia, Nox Oceani a bordo di Mira, un Grand Soleil 52 LC, barca da crociera ottimizzata per partecipare alle regate d\u2019altura.","og_url":"https:\/\/www.noxoceani.it\/en\/151-miglia\/","og_site_name":"Nox Oceani","article_published_time":"2023-06-04T20:05:53+00:00","article_modified_time":"2024-01-18T16:58:49+00:00","og_image":[{"width":1500,"height":1000,"url":"https:\/\/www.noxoceani.it\/wp-content\/uploads\/2023\/06\/09b17e09-1efb-4cdb-8953-37fefe29f44e.jpg","type":"image\/jpeg"}],"author":"Nox Oceani","twitter_card":"summary_large_image","twitter_misc":{"Written by":"Nox Oceani","Est. reading time":"5 minutes"},"schema":{"@context":"https:\/\/schema.org","@graph":[{"@type":"Article","@id":"https:\/\/www.noxoceani.it\/en\/151-miglia\/#article","isPartOf":{"@id":"https:\/\/www.noxoceani.it\/en\/151-miglia\/"},"author":{"name":"Nox Oceani","@id":"https:\/\/www.noxoceani.it\/#\/schema\/person\/b67400d9451b004cebd7e997a7b080d5"},"headline":"151 Miglia 2023, Nox Oceani c&#8217;era","datePublished":"2023-06-04T20:05:53+00:00","dateModified":"2024-01-18T16:58:49+00:00","mainEntityOfPage":{"@id":"https:\/\/www.noxoceani.it\/en\/151-miglia\/"},"wordCount":633,"publisher":{"@id":"https:\/\/www.noxoceani.it\/#organization"},"image":{"@id":"https:\/\/www.noxoceani.it\/en\/151-miglia\/#primaryimage"},"thumbnailUrl":"https:\/\/www.noxoceani.it\/wp-content\/uploads\/2023\/06\/09b17e09-1efb-4cdb-8953-37fefe29f44e.jpg","articleSection":["News"],"inLanguage":"en-US"},{"@type":"WebPage","@id":"https:\/\/www.noxoceani.it\/en\/151-miglia\/","url":"https:\/\/www.noxoceani.it\/en\/151-miglia\/","name":"151 Miglia 2023, Nox Oceani c'era - Nox Oceani","isPartOf":{"@id":"https:\/\/www.noxoceani.it\/#website"},"primaryImageOfPage":{"@id":"https:\/\/www.noxoceani.it\/en\/151-miglia\/#primaryimage"},"image":{"@id":"https:\/\/www.noxoceani.it\/en\/151-miglia\/#primaryimage"},"thumbnailUrl":"https:\/\/www.noxoceani.it\/wp-content\/uploads\/2023\/06\/09b17e09-1efb-4cdb-8953-37fefe29f44e.jpg","datePublished":"2023-06-04T20:05:53+00:00","dateModified":"2024-01-18T16:58:49+00:00","description":"151 Miglia, Nox Oceani a bordo di Mira, un Grand Soleil 52 LC, barca da crociera ottimizzata per partecipare alle regate d\u2019altura.","breadcrumb":{"@id":"https:\/\/www.noxoceani.it\/en\/151-miglia\/#breadcrumb"},"inLanguage":"en-US","potentialAction":[{"@type":"ReadAction","target":["https:\/\/www.noxoceani.it\/en\/151-miglia\/"]}]},{"@type":"ImageObject","inLanguage":"en-US","@id":"https:\/\/www.noxoceani.it\/en\/151-miglia\/#primaryimage","url":"https:\/\/www.noxoceani.it\/wp-content\/uploads\/2023\/06\/09b17e09-1efb-4cdb-8953-37fefe29f44e.jpg","contentUrl":"https:\/\/www.noxoceani.it\/wp-content\/uploads\/2023\/06\/09b17e09-1efb-4cdb-8953-37fefe29f44e.jpg","width":1500,"height":1000},{"@type":"BreadcrumbList","@id":"https:\/\/www.noxoceani.it\/en\/151-miglia\/#breadcrumb","itemListElement":[{"@type":"ListItem","position":1,"name":"Home","item":"https:\/\/www.noxoceani.it\/en\/"},{"@type":"ListItem","position":2,"name":"151 Miglia 2023, Nox Oceani c&#8217;era"}]},{"@type":"WebSite","@id":"https:\/\/www.noxoceani.it\/#website","url":"https:\/\/www.noxoceani.it\/","name":"Nox Oceani","description":"Rispetto dell&#039;ambiente tramite la vela","publisher":{"@id":"https:\/\/www.noxoceani.it\/#organization"},"potentialAction":[{"@type":"SearchAction","target":{"@type":"EntryPoint","urlTemplate":"https:\/\/www.noxoceani.it\/?s={search_term_string}"},"query-input":{"@type":"PropertyValueSpecification","valueRequired":true,"valueName":"search_term_string"}}],"inLanguage":"en-US"},{"@type":"Organization","@id":"https:\/\/www.noxoceani.it\/#organization","name":"Nox Oceani","alternateName":"Nox Oceani","url":"https:\/\/www.noxoceani.it\/","logo":{"@type":"ImageObject","inLanguage":"en-US","@id":"https:\/\/www.noxoceani.it\/#\/schema\/logo\/image\/","url":"https:\/\/www.noxoceani.it\/wp-content\/uploads\/2023\/01\/nox-logo.png","contentUrl":"https:\/\/www.noxoceani.it\/wp-content\/uploads\/2023\/01\/nox-logo.png","width":500,"height":500,"caption":"Nox Oceani"},"image":{"@id":"https:\/\/www.noxoceani.it\/#\/schema\/logo\/image\/"}},{"@type":"Person","@id":"https:\/\/www.noxoceani.it\/#\/schema\/person\/b67400d9451b004cebd7e997a7b080d5","name":"Nox Oceani","image":{"@type":"ImageObject","inLanguage":"en-US","@id":"https:\/\/www.noxoceani.it\/#\/schema\/person\/image\/","url":"https:\/\/www.noxoceani.it\/wp-content\/uploads\/2023\/01\/favicon-120x120.jpg","contentUrl":"https:\/\/www.noxoceani.it\/wp-content\/uploads\/2023\/01\/favicon-120x120.jpg","caption":"Nox Oceani"},"sameAs":["https:\/\/www.noxoceani.it"],"url":"https:\/\/www.noxoceani.it\/en\/author\/n0x0c34n1\/"}]}},"_links":{"self":[{"href":"https:\/\/www.noxoceani.it\/en\/wp-json\/wp\/v2\/posts\/24409","targetHints":{"allow":["GET"]}}],"collection":[{"href":"https:\/\/www.noxoceani.it\/en\/wp-json\/wp\/v2\/posts"}],"about":[{"href":"https:\/\/www.noxoceani.it\/en\/wp-json\/wp\/v2\/types\/post"}],"author":[{"embeddable":true,"href":"https:\/\/www.noxoceani.it\/en\/wp-json\/wp\/v2\/users\/1"}],"replies":[{"embeddable":true,"href":"https:\/\/www.noxoceani.it\/en\/wp-json\/wp\/v2\/comments?post=24409"}],"version-history":[{"count":1,"href":"https:\/\/www.noxoceani.it\/en\/wp-json\/wp\/v2\/posts\/24409\/revisions"}],"predecessor-version":[{"id":24410,"href":"https:\/\/www.noxoceani.it\/en\/wp-json\/wp\/v2\/posts\/24409\/revisions\/24410"}],"wp:featuredmedia":[{"embeddable":true,"href":"https:\/\/www.noxoceani.it\/en\/wp-json\/wp\/v2\/media\/23561"}],"wp:attachment":[{"href":"https:\/\/www.noxoceani.it\/en\/wp-json\/wp\/v2\/media?parent=24409"}],"wp:term":[{"taxonomy":"category","embeddable":true,"href":"https:\/\/www.noxoceani.it\/en\/wp-json\/wp\/v2\/categories?post=24409"},{"taxonomy":"post_tag","embeddable":true,"href":"https:\/\/www.noxoceani.it\/en\/wp-json\/wp\/v2\/tags?post=24409"}],"curies":[{"name":"wp","href":"https:\/\/api.w.org\/{rel}","templated":true}]}}