{"id":24385,"date":"2023-09-21T22:01:50","date_gmt":"2023-09-21T20:01:50","guid":{"rendered":"https:\/\/www.noxoceani.it\/optimist-ecologico-presentazione\/"},"modified":"2024-01-18T17:30:33","modified_gmt":"2024-01-18T16:30:33","slug":"optimist-ecologico-presentazione","status":"publish","type":"post","link":"https:\/\/www.noxoceani.it\/en\/optimist-ecologico-presentazione\/","title":{"rendered":"A Porto Rotondo la presentazione dell\u2019Optimist ecologico Made in Sardegna"},"content":{"rendered":"\t\t<div data-elementor-type=\"wp-post\" data-elementor-id=\"24385\" class=\"elementor elementor-24385 elementor-22631\" data-elementor-post-type=\"post\">\n\t\t\t\t\t\t<section class=\"elementor-section elementor-top-section elementor-element elementor-element-df8354d elementor-section-full_width elementor-section-height-default elementor-section-height-default sc_fly_static\" data-id=\"df8354d\" data-element_type=\"section\">\n\t\t\t\t\t\t<div class=\"elementor-container elementor-column-gap-extended\">\n\t\t\t\t\t<div class=\"elementor-column elementor-col-100 elementor-top-column elementor-element elementor-element-be31d80 sc_inner_width_none sc_content_align_inherit sc_layouts_column_icons_position_left sc_fly_static\" data-id=\"be31d80\" data-element_type=\"column\">\n\t\t\t<div class=\"elementor-widget-wrap elementor-element-populated\">\n\t\t\t\t\t\t<div class=\"elementor-element elementor-element-39895c4 elementor-widget__width-inherit sc_fly_static elementor-widget elementor-widget-heading\" data-id=\"39895c4\" data-element_type=\"widget\" data-widget_type=\"heading.default\">\n\t\t\t\t<div class=\"elementor-widget-container\">\n\t\t\t\t\t<p class=\"elementor-heading-title elementor-size-default\">21 Settembre 2023<\/p>\t\t\t\t<\/div>\n\t\t\t\t<\/div>\n\t\t\t\t<div class=\"elementor-element elementor-element-70fe781 sc_fly_static elementor-widget elementor-widget-spacer\" data-id=\"70fe781\" data-element_type=\"widget\" data-widget_type=\"spacer.default\">\n\t\t\t\t<div class=\"elementor-widget-container\">\n\t\t\t\t\t\t\t<div class=\"elementor-spacer\">\n\t\t\t<div class=\"elementor-spacer-inner\"><\/div>\n\t\t<\/div>\n\t\t\t\t\t\t<\/div>\n\t\t\t\t<\/div>\n\t\t\t\t<div class=\"elementor-element elementor-element-fc1d353 sc_fly_static elementor-widget elementor-widget-text-editor\" data-id=\"fc1d353\" data-element_type=\"widget\" data-widget_type=\"text-editor.default\">\n\t\t\t\t<div class=\"elementor-widget-container\">\n\t\t\t\t\t\t\t\t\t<p><span class=\"trx_addons_dropcap trx_addons_dropcap_style_2\">S<\/span><\/p><p>ar\u00e0 presentata il prossimo luned\u00ec 25 settembre allo Yacht Club Porto Rotondo la <b>prima barca ecologica costruita in Sardegna<\/b>. Si tratta di un\u00a0<b>esemplare unico<\/b>, un prototipo della deriva pi\u00f9 diffusa e famosa del mondo, quella con cui i bambini imparano ad andare per mare e veleggiare in autonomia, l\u2019<b>Optimist<\/b>. Il progetto, nato lo scorso anno per volont\u00e0 di\u00a0<b>Nox Oceani<\/b>, ha avuto una lunga gestazione dovuta alla ricerca di\u00a0<b>materiali altamente innovativi<\/b>\u00a0e al tempo stesso sostenibili.\u00a0<\/p>\t\t\t\t\t\t\t\t<\/div>\n\t\t\t\t<\/div>\n\t\t\t\t<div class=\"elementor-element elementor-element-37c73fc sc_fly_static elementor-widget elementor-widget-spacer\" data-id=\"37c73fc\" data-element_type=\"widget\" data-widget_type=\"spacer.default\">\n\t\t\t\t<div class=\"elementor-widget-container\">\n\t\t\t\t\t\t\t<div class=\"elementor-spacer\">\n\t\t\t<div class=\"elementor-spacer-inner\"><\/div>\n\t\t<\/div>\n\t\t\t\t\t\t<\/div>\n\t\t\t\t<\/div>\n\t\t\t\t\t<\/div>\n\t\t<\/div>\n\t\t\t\t\t<\/div>\n\t\t<\/section>\n\t\t\t\t<section class=\"elementor-section elementor-top-section elementor-element elementor-element-f2e0eb4 elementor-section-boxed elementor-section-height-default elementor-section-height-default sc_fly_static\" data-id=\"f2e0eb4\" data-element_type=\"section\">\n\t\t\t\t\t\t<div class=\"elementor-container elementor-column-gap-extended\">\n\t\t\t\t\t<div class=\"elementor-column elementor-col-100 elementor-top-column elementor-element elementor-element-54642be sc_inner_width_none sc_content_align_inherit sc_layouts_column_icons_position_left sc_fly_static\" data-id=\"54642be\" data-element_type=\"column\">\n\t\t\t<div class=\"elementor-widget-wrap elementor-element-populated\">\n\t\t\t\t\t\t<div class=\"elementor-element elementor-element-0fb6251 sc_fly_static elementor-widget elementor-widget-image\" data-id=\"0fb6251\" data-element_type=\"widget\" data-widget_type=\"image.default\">\n\t\t\t\t<div class=\"elementor-widget-container\">\n\t\t\t\t\t\t\t\t\t\t\t\t\t\t\t<img fetchpriority=\"high\" decoding=\"async\" width=\"1024\" height=\"585\" src=\"https:\/\/www.noxoceani.it\/wp-content\/uploads\/2023\/09\/IMG_4969-1024x585.jpeg\" class=\"attachment-large size-large wp-image-22651\" alt=\"\" srcset=\"https:\/\/www.noxoceani.it\/wp-content\/uploads\/2023\/09\/IMG_4969-1024x585.jpeg 1024w, https:\/\/www.noxoceani.it\/wp-content\/uploads\/2023\/09\/IMG_4969-300x171.jpeg 300w, https:\/\/www.noxoceani.it\/wp-content\/uploads\/2023\/09\/IMG_4969-768x439.jpeg 768w, https:\/\/www.noxoceani.it\/wp-content\/uploads\/2023\/09\/IMG_4969-1536x877.jpeg 1536w, https:\/\/www.noxoceani.it\/wp-content\/uploads\/2023\/09\/IMG_4969-2048x1169.jpeg 2048w, https:\/\/www.noxoceani.it\/wp-content\/uploads\/2023\/09\/IMG_4969-370x211.jpeg 370w, https:\/\/www.noxoceani.it\/wp-content\/uploads\/2023\/09\/IMG_4969-840x480.jpeg 840w, https:\/\/www.noxoceani.it\/wp-content\/uploads\/2023\/09\/IMG_4969-410x234.jpeg 410w\" sizes=\"(max-width: 1024px) 100vw, 1024px\" \/>\t\t\t\t\t\t\t\t\t\t\t\t\t\t\t<\/div>\n\t\t\t\t<\/div>\n\t\t\t\t<div class=\"elementor-element elementor-element-7aa2580 sc_fly_static elementor-widget elementor-widget-spacer\" data-id=\"7aa2580\" data-element_type=\"widget\" data-widget_type=\"spacer.default\">\n\t\t\t\t<div class=\"elementor-widget-container\">\n\t\t\t\t\t\t\t<div class=\"elementor-spacer\">\n\t\t\t<div class=\"elementor-spacer-inner\"><\/div>\n\t\t<\/div>\n\t\t\t\t\t\t<\/div>\n\t\t\t\t<\/div>\n\t\t\t\t<div class=\"elementor-element elementor-element-cb1b3aa sc_fly_static elementor-widget elementor-widget-text-editor\" data-id=\"cb1b3aa\" data-element_type=\"widget\" data-widget_type=\"text-editor.default\">\n\t\t\t\t<div class=\"elementor-widget-container\">\n\t\t\t\t\t\t\t\t\t<p>\u00abOggi\u00a0<b>l\u2019Optimist a impatto zero \u00e8 una realt\u00e0<\/b>. &#8211; rivela la fondatrice di Nox Oceani\u00a0<b>Francesca de Natale<\/b>\u00a0&#8211; La barca \u00e8 costruita in\u00a0<b>fibra di basalto<\/b>, materiale riciclabile che mantiene costanti nel tempo le sue qualit\u00e0 e che, unito alla resina di origine vegetale usata per la laminazione,\u00a0<b>sostituisce la vetroresina<\/b>\u00a0comunemente impiegata per questo tipo di costruzione. A completare la realizzazione di alcuni componenti dello scafo \u00e8 stato utilizzato un\u00a0<b>bioespanso<\/b>, un simil-polistirolo compostabile a impatto zero sull\u2019ambiente, e per rifinire il tutto, all\u2019interno della barca \u00e8 stato applicato del\u00a0<b>sughero<\/b>. Per quanto riguarda la componentistica siamo alla ricerca di prodotti in linea e coerenti con i nostri principi, come ad esempio <strong>Armare Ropes<\/strong> che ci ha fornito un cordame <strong>realizzato con materiali di riciclo<\/strong>.\u00bb\u00a0<\/p>\t\t\t\t\t\t\t\t<\/div>\n\t\t\t\t<\/div>\n\t\t\t\t<div class=\"elementor-element elementor-element-bff1cc8 sc_fly_static elementor-widget elementor-widget-spacer\" data-id=\"bff1cc8\" data-element_type=\"widget\" data-widget_type=\"spacer.default\">\n\t\t\t\t<div class=\"elementor-widget-container\">\n\t\t\t\t\t\t\t<div class=\"elementor-spacer\">\n\t\t\t<div class=\"elementor-spacer-inner\"><\/div>\n\t\t<\/div>\n\t\t\t\t\t\t<\/div>\n\t\t\t\t<\/div>\n\t\t\t\t<div class=\"elementor-element elementor-element-0e54b39 sc_fly_static elementor-widget elementor-widget-image\" data-id=\"0e54b39\" data-element_type=\"widget\" data-widget_type=\"image.default\">\n\t\t\t\t<div class=\"elementor-widget-container\">\n\t\t\t\t\t\t\t\t\t\t\t\t\t\t\t<img decoding=\"async\" width=\"1024\" height=\"523\" src=\"https:\/\/www.noxoceani.it\/wp-content\/uploads\/2023\/09\/IMG_4961-1024x523.jpeg\" class=\"attachment-large size-large wp-image-22652\" alt=\"\" srcset=\"https:\/\/www.noxoceani.it\/wp-content\/uploads\/2023\/09\/IMG_4961-1024x523.jpeg 1024w, https:\/\/www.noxoceani.it\/wp-content\/uploads\/2023\/09\/IMG_4961-300x153.jpeg 300w, https:\/\/www.noxoceani.it\/wp-content\/uploads\/2023\/09\/IMG_4961-768x392.jpeg 768w, https:\/\/www.noxoceani.it\/wp-content\/uploads\/2023\/09\/IMG_4961-1536x785.jpeg 1536w, https:\/\/www.noxoceani.it\/wp-content\/uploads\/2023\/09\/IMG_4961-2048x1047.jpeg 2048w, https:\/\/www.noxoceani.it\/wp-content\/uploads\/2023\/09\/IMG_4961-370x189.jpeg 370w, https:\/\/www.noxoceani.it\/wp-content\/uploads\/2023\/09\/IMG_4961-840x429.jpeg 840w, https:\/\/www.noxoceani.it\/wp-content\/uploads\/2023\/09\/IMG_4961-410x210.jpeg 410w\" sizes=\"(max-width: 1024px) 100vw, 1024px\" \/>\t\t\t\t\t\t\t\t\t\t\t\t\t\t\t<\/div>\n\t\t\t\t<\/div>\n\t\t\t\t<div class=\"elementor-element elementor-element-7405a9d sc_fly_static elementor-widget elementor-widget-spacer\" data-id=\"7405a9d\" data-element_type=\"widget\" data-widget_type=\"spacer.default\">\n\t\t\t\t<div class=\"elementor-widget-container\">\n\t\t\t\t\t\t\t<div class=\"elementor-spacer\">\n\t\t\t<div class=\"elementor-spacer-inner\"><\/div>\n\t\t<\/div>\n\t\t\t\t\t\t<\/div>\n\t\t\t\t<\/div>\n\t\t\t\t<div class=\"elementor-element elementor-element-fea8690 sc_fly_static elementor-widget elementor-widget-text-editor\" data-id=\"fea8690\" data-element_type=\"widget\" data-widget_type=\"text-editor.default\">\n\t\t\t\t<div class=\"elementor-widget-container\">\n\t\t\t\t\t\t\t\t\t<p>Contrariamente a una barca in vetroresina, materiale dal difficilissimo smaltimento, la tecnologia e i materiali usati nella costruzione della barca di Nox Oceani rendono questo\u00a0<b>Optimist assolutamente ecosostenibile<\/b>. Non solo, la fibra di basalto ha performance molto elevate e nettamente superiori alla vetroresina tradizionale. \u00abCon questa barca vogliamo lanciare un messaggio. &#8211; spiega la de Natale &#8211; Abituare le nuove generazioni al\u00a0<b>concetto di ecosostenibilit\u00e0<\/b>\u00a0e alla tutela del mondo in cui viviamo. Noi adulti abbiamo la grande responsabilit\u00e0 di educare i giovani al rispetto della natura, contribuendo a\u00a0<b>ridurre i rifiuti al minimo<\/b>. Per questo auspichiamo che, pi\u00f9 di ogni altra, l\u2019International Optimist Dinghy Association voglia prendere in considerazione l\u2019idea di\u00a0<b>modificare la regola che impone la vetroresina<\/b>\u00a0come materiale di costruzione per lo scafo, aprendo la possibilit\u00e0 di\u00a0<b>realizzare le barche con materiali innovativi ed ecologici<\/b>.\u00bb<\/p>\t\t\t\t\t\t\t\t<\/div>\n\t\t\t\t<\/div>\n\t\t\t\t<div class=\"elementor-element elementor-element-b069cbd sc_fly_static elementor-widget elementor-widget-spacer\" data-id=\"b069cbd\" data-element_type=\"widget\" data-widget_type=\"spacer.default\">\n\t\t\t\t<div class=\"elementor-widget-container\">\n\t\t\t\t\t\t\t<div class=\"elementor-spacer\">\n\t\t\t<div class=\"elementor-spacer-inner\"><\/div>\n\t\t<\/div>\n\t\t\t\t\t\t<\/div>\n\t\t\t\t<\/div>\n\t\t\t\t<div class=\"elementor-element elementor-element-fb6326a sc_fly_static elementor-widget elementor-widget-image\" data-id=\"fb6326a\" data-element_type=\"widget\" data-widget_type=\"image.default\">\n\t\t\t\t<div class=\"elementor-widget-container\">\n\t\t\t\t\t\t\t\t\t\t\t\t\t\t\t<img decoding=\"async\" width=\"1024\" height=\"754\" src=\"https:\/\/www.noxoceani.it\/wp-content\/uploads\/2023\/09\/Screenshot-2023-09-21-alle-20.13.39-2-1024x754.jpg\" class=\"attachment-large size-large wp-image-22654\" alt=\"\" srcset=\"https:\/\/www.noxoceani.it\/wp-content\/uploads\/2023\/09\/Screenshot-2023-09-21-alle-20.13.39-2-1024x754.jpg 1024w, https:\/\/www.noxoceani.it\/wp-content\/uploads\/2023\/09\/Screenshot-2023-09-21-alle-20.13.39-2-300x221.jpg 300w, https:\/\/www.noxoceani.it\/wp-content\/uploads\/2023\/09\/Screenshot-2023-09-21-alle-20.13.39-2-768x565.jpg 768w, https:\/\/www.noxoceani.it\/wp-content\/uploads\/2023\/09\/Screenshot-2023-09-21-alle-20.13.39-2-1536x1131.jpg 1536w, https:\/\/www.noxoceani.it\/wp-content\/uploads\/2023\/09\/Screenshot-2023-09-21-alle-20.13.39-2-370x272.jpg 370w, https:\/\/www.noxoceani.it\/wp-content\/uploads\/2023\/09\/Screenshot-2023-09-21-alle-20.13.39-2-840x618.jpg 840w, https:\/\/www.noxoceani.it\/wp-content\/uploads\/2023\/09\/Screenshot-2023-09-21-alle-20.13.39-2-410x302.jpg 410w, https:\/\/www.noxoceani.it\/wp-content\/uploads\/2023\/09\/Screenshot-2023-09-21-alle-20.13.39-2.jpg 1554w\" sizes=\"(max-width: 1024px) 100vw, 1024px\" \/>\t\t\t\t\t\t\t\t\t\t\t\t\t\t\t<\/div>\n\t\t\t\t<\/div>\n\t\t\t\t<div class=\"elementor-element elementor-element-62d8c4f sc_fly_static elementor-widget elementor-widget-spacer\" data-id=\"62d8c4f\" data-element_type=\"widget\" data-widget_type=\"spacer.default\">\n\t\t\t\t<div class=\"elementor-widget-container\">\n\t\t\t\t\t\t\t<div class=\"elementor-spacer\">\n\t\t\t<div class=\"elementor-spacer-inner\"><\/div>\n\t\t<\/div>\n\t\t\t\t\t\t<\/div>\n\t\t\t\t<\/div>\n\t\t\t\t<div class=\"elementor-element elementor-element-0c4b0b8 sc_fly_static elementor-widget elementor-widget-text-editor\" data-id=\"0c4b0b8\" data-element_type=\"widget\" data-widget_type=\"text-editor.default\">\n\t\t\t\t<div class=\"elementor-widget-container\">\n\t\t\t\t\t\t\t\t\t<p>Dell\u2019argomento specifico, di\u00a0<b>vela giovanile<\/b>\u00a0e di\u00a0<b>ecosostenibilit\u00e0<\/b>, se ne parler\u00e0 in modo approfondito durante la\u00a0<b>presentazione del 25 settembre<\/b>, moderata dalla conduttrice televisiva\u00a0<b>Rebecca Vespa Berglund<\/b>. Interverranno, oltre Francesca de Natale, il Presidente e Commodoro dello Yacht Club Porto Rotondo\u00a0<b>Sandro Onofaro<\/b>, il Presidente della III Zona FIV\u00a0<b>Corrado Fara<\/b>\u00a0e\u00a0<b>Rosalba Giugni<\/b>, Presidente di\u00a0<b>Marevivo<\/b>\u00a0che anticipa la sua partecipazione con queste parole: \u00abCon piacere rispondiamo all\u2019invito di presentazione dell\u2019eco barca Nox Oceani, un progetto coerente con la campagna internazionale di Marevivo dedicata alla\u00a0<b>transizione ecologica<\/b>. L\u2019obiettivo \u00e8 trasmettere il messaggio sull\u2019urgenza di intervenire a favore del cambiamento che il nostro Pianeta richiede.\u00bb<\/p>\t\t\t\t\t\t\t\t<\/div>\n\t\t\t\t<\/div>\n\t\t\t\t\t<\/div>\n\t\t<\/div>\n\t\t\t\t\t<\/div>\n\t\t<\/section>\n\t\t\t\t<\/div>\n\t\t","protected":false},"excerpt":{"rendered":"<p>21 Settembre 2023 S ar\u00e0 presentata il prossimo luned\u00ec 25 settembre allo Yacht Club Porto Rotondo la prima barca ecologica costruita in Sardegna. Si tratta di un\u00a0esemplare unico, un prototipo&hellip;<\/p>\n","protected":false},"author":1,"featured_media":23679,"comment_status":"closed","ping_status":"open","sticky":false,"template":"","format":"standard","meta":{"_monsterinsights_skip_tracking":false,"_monsterinsights_sitenote_active":false,"_monsterinsights_sitenote_note":"","_monsterinsights_sitenote_category":0,"footnotes":""},"categories":[274],"tags":[],"class_list":["post-24385","post","type-post","status-publish","format-standard","has-post-thumbnail","hentry","category-news-en"],"yoast_head":"<!-- This site is optimized with the Yoast SEO plugin v24.5 - https:\/\/yoast.com\/wordpress\/plugins\/seo\/ -->\n<title>A Porto Rotondo la presentazione dell\u2019Optimist ecologico Made in Sardegna - Nox Oceani<\/title>\n<meta name=\"description\" content=\"Oggi l\u2019Optimist ecologico a impatto zero \u00e8 una realt\u00e0. La barca \u00e8 costruita in fibra di basalto laminata con resina di origine vegetale.\" \/>\n<meta name=\"robots\" content=\"index, follow, max-snippet:-1, max-image-preview:large, max-video-preview:-1\" \/>\n<link rel=\"canonical\" href=\"https:\/\/www.noxoceani.it\/en\/optimist-ecologico-presentazione\/\" \/>\n<meta property=\"og:locale\" content=\"en_US\" \/>\n<meta property=\"og:type\" content=\"article\" \/>\n<meta property=\"og:title\" content=\"A Porto Rotondo la presentazione dell\u2019Optimist ecologico Made in Sardegna - Nox Oceani\" \/>\n<meta property=\"og:description\" content=\"Oggi l\u2019Optimist ecologico a impatto zero \u00e8 una realt\u00e0. La barca \u00e8 costruita in fibra di basalto laminata con resina di origine vegetale.\" \/>\n<meta property=\"og:url\" content=\"https:\/\/www.noxoceani.it\/en\/optimist-ecologico-presentazione\/\" \/>\n<meta property=\"og:site_name\" content=\"Nox Oceani\" \/>\n<meta property=\"article:published_time\" content=\"2023-09-21T20:01:50+00:00\" \/>\n<meta property=\"article:modified_time\" content=\"2024-01-18T16:30:33+00:00\" \/>\n<meta property=\"og:image\" content=\"https:\/\/www.noxoceani.it\/wp-content\/uploads\/2023\/09\/IMG_4957-scaled.jpeg\" \/>\n\t<meta property=\"og:image:width\" content=\"2560\" \/>\n\t<meta property=\"og:image:height\" content=\"1613\" \/>\n\t<meta property=\"og:image:type\" content=\"image\/jpeg\" \/>\n<meta name=\"author\" content=\"Nox Oceani\" \/>\n<meta name=\"twitter:card\" content=\"summary_large_image\" \/>\n<meta name=\"twitter:label1\" content=\"Written by\" \/>\n\t<meta name=\"twitter:data1\" content=\"Nox Oceani\" \/>\n\t<meta name=\"twitter:label2\" content=\"Est. reading time\" \/>\n\t<meta name=\"twitter:data2\" content=\"4 minutes\" \/>\n<script type=\"application\/ld+json\" class=\"yoast-schema-graph\">{\"@context\":\"https:\/\/schema.org\",\"@graph\":[{\"@type\":\"Article\",\"@id\":\"https:\/\/www.noxoceani.it\/en\/optimist-ecologico-presentazione\/#article\",\"isPartOf\":{\"@id\":\"https:\/\/www.noxoceani.it\/en\/optimist-ecologico-presentazione\/\"},\"author\":{\"name\":\"Nox Oceani\",\"@id\":\"https:\/\/www.noxoceani.it\/#\/schema\/person\/b67400d9451b004cebd7e997a7b080d5\"},\"headline\":\"A Porto Rotondo la presentazione dell\u2019Optimist ecologico Made in Sardegna\",\"datePublished\":\"2023-09-21T20:01:50+00:00\",\"dateModified\":\"2024-01-18T16:30:33+00:00\",\"mainEntityOfPage\":{\"@id\":\"https:\/\/www.noxoceani.it\/en\/optimist-ecologico-presentazione\/\"},\"wordCount\":465,\"publisher\":{\"@id\":\"https:\/\/www.noxoceani.it\/#organization\"},\"image\":{\"@id\":\"https:\/\/www.noxoceani.it\/en\/optimist-ecologico-presentazione\/#primaryimage\"},\"thumbnailUrl\":\"https:\/\/www.noxoceani.it\/wp-content\/uploads\/2023\/09\/IMG_4957-scaled.jpeg\",\"articleSection\":[\"News\"],\"inLanguage\":\"en-US\"},{\"@type\":\"WebPage\",\"@id\":\"https:\/\/www.noxoceani.it\/en\/optimist-ecologico-presentazione\/\",\"url\":\"https:\/\/www.noxoceani.it\/en\/optimist-ecologico-presentazione\/\",\"name\":\"A Porto Rotondo la presentazione dell\u2019Optimist ecologico Made in Sardegna - Nox Oceani\",\"isPartOf\":{\"@id\":\"https:\/\/www.noxoceani.it\/#website\"},\"primaryImageOfPage\":{\"@id\":\"https:\/\/www.noxoceani.it\/en\/optimist-ecologico-presentazione\/#primaryimage\"},\"image\":{\"@id\":\"https:\/\/www.noxoceani.it\/en\/optimist-ecologico-presentazione\/#primaryimage\"},\"thumbnailUrl\":\"https:\/\/www.noxoceani.it\/wp-content\/uploads\/2023\/09\/IMG_4957-scaled.jpeg\",\"datePublished\":\"2023-09-21T20:01:50+00:00\",\"dateModified\":\"2024-01-18T16:30:33+00:00\",\"description\":\"Oggi l\u2019Optimist ecologico a impatto zero \u00e8 una realt\u00e0. La barca \u00e8 costruita in fibra di basalto laminata con resina di origine vegetale.\",\"breadcrumb\":{\"@id\":\"https:\/\/www.noxoceani.it\/en\/optimist-ecologico-presentazione\/#breadcrumb\"},\"inLanguage\":\"en-US\",\"potentialAction\":[{\"@type\":\"ReadAction\",\"target\":[\"https:\/\/www.noxoceani.it\/en\/optimist-ecologico-presentazione\/\"]}]},{\"@type\":\"ImageObject\",\"inLanguage\":\"en-US\",\"@id\":\"https:\/\/www.noxoceani.it\/en\/optimist-ecologico-presentazione\/#primaryimage\",\"url\":\"https:\/\/www.noxoceani.it\/wp-content\/uploads\/2023\/09\/IMG_4957-scaled.jpeg\",\"contentUrl\":\"https:\/\/www.noxoceani.it\/wp-content\/uploads\/2023\/09\/IMG_4957-scaled.jpeg\",\"width\":2560,\"height\":1613},{\"@type\":\"BreadcrumbList\",\"@id\":\"https:\/\/www.noxoceani.it\/en\/optimist-ecologico-presentazione\/#breadcrumb\",\"itemListElement\":[{\"@type\":\"ListItem\",\"position\":1,\"name\":\"Home\",\"item\":\"https:\/\/www.noxoceani.it\/en\/\"},{\"@type\":\"ListItem\",\"position\":2,\"name\":\"A Porto Rotondo la presentazione dell\u2019Optimist ecologico Made in Sardegna\"}]},{\"@type\":\"WebSite\",\"@id\":\"https:\/\/www.noxoceani.it\/#website\",\"url\":\"https:\/\/www.noxoceani.it\/\",\"name\":\"Nox Oceani\",\"description\":\"Rispetto dell&#039;ambiente tramite la vela\",\"publisher\":{\"@id\":\"https:\/\/www.noxoceani.it\/#organization\"},\"potentialAction\":[{\"@type\":\"SearchAction\",\"target\":{\"@type\":\"EntryPoint\",\"urlTemplate\":\"https:\/\/www.noxoceani.it\/?s={search_term_string}\"},\"query-input\":{\"@type\":\"PropertyValueSpecification\",\"valueRequired\":true,\"valueName\":\"search_term_string\"}}],\"inLanguage\":\"en-US\"},{\"@type\":\"Organization\",\"@id\":\"https:\/\/www.noxoceani.it\/#organization\",\"name\":\"Nox Oceani\",\"alternateName\":\"Nox Oceani\",\"url\":\"https:\/\/www.noxoceani.it\/\",\"logo\":{\"@type\":\"ImageObject\",\"inLanguage\":\"en-US\",\"@id\":\"https:\/\/www.noxoceani.it\/#\/schema\/logo\/image\/\",\"url\":\"https:\/\/www.noxoceani.it\/wp-content\/uploads\/2023\/01\/nox-logo.png\",\"contentUrl\":\"https:\/\/www.noxoceani.it\/wp-content\/uploads\/2023\/01\/nox-logo.png\",\"width\":500,\"height\":500,\"caption\":\"Nox Oceani\"},\"image\":{\"@id\":\"https:\/\/www.noxoceani.it\/#\/schema\/logo\/image\/\"}},{\"@type\":\"Person\",\"@id\":\"https:\/\/www.noxoceani.it\/#\/schema\/person\/b67400d9451b004cebd7e997a7b080d5\",\"name\":\"Nox Oceani\",\"image\":{\"@type\":\"ImageObject\",\"inLanguage\":\"en-US\",\"@id\":\"https:\/\/www.noxoceani.it\/#\/schema\/person\/image\/\",\"url\":\"https:\/\/www.noxoceani.it\/wp-content\/uploads\/2023\/01\/favicon-120x120.jpg\",\"contentUrl\":\"https:\/\/www.noxoceani.it\/wp-content\/uploads\/2023\/01\/favicon-120x120.jpg\",\"caption\":\"Nox Oceani\"},\"sameAs\":[\"https:\/\/www.noxoceani.it\"],\"url\":\"https:\/\/www.noxoceani.it\/en\/author\/n0x0c34n1\/\"}]}<\/script>\n<!-- \/ Yoast SEO plugin. -->","yoast_head_json":{"title":"A Porto Rotondo la presentazione dell\u2019Optimist ecologico Made in Sardegna - Nox Oceani","description":"Oggi l\u2019Optimist ecologico a impatto zero \u00e8 una realt\u00e0. La barca \u00e8 costruita in fibra di basalto laminata con resina di origine vegetale.","robots":{"index":"index","follow":"follow","max-snippet":"max-snippet:-1","max-image-preview":"max-image-preview:large","max-video-preview":"max-video-preview:-1"},"canonical":"https:\/\/www.noxoceani.it\/en\/optimist-ecologico-presentazione\/","og_locale":"en_US","og_type":"article","og_title":"A Porto Rotondo la presentazione dell\u2019Optimist ecologico Made in Sardegna - Nox Oceani","og_description":"Oggi l\u2019Optimist ecologico a impatto zero \u00e8 una realt\u00e0. La barca \u00e8 costruita in fibra di basalto laminata con resina di origine vegetale.","og_url":"https:\/\/www.noxoceani.it\/en\/optimist-ecologico-presentazione\/","og_site_name":"Nox Oceani","article_published_time":"2023-09-21T20:01:50+00:00","article_modified_time":"2024-01-18T16:30:33+00:00","og_image":[{"width":2560,"height":1613,"url":"https:\/\/www.noxoceani.it\/wp-content\/uploads\/2023\/09\/IMG_4957-scaled.jpeg","type":"image\/jpeg"}],"author":"Nox Oceani","twitter_card":"summary_large_image","twitter_misc":{"Written by":"Nox Oceani","Est. reading time":"4 minutes"},"schema":{"@context":"https:\/\/schema.org","@graph":[{"@type":"Article","@id":"https:\/\/www.noxoceani.it\/en\/optimist-ecologico-presentazione\/#article","isPartOf":{"@id":"https:\/\/www.noxoceani.it\/en\/optimist-ecologico-presentazione\/"},"author":{"name":"Nox Oceani","@id":"https:\/\/www.noxoceani.it\/#\/schema\/person\/b67400d9451b004cebd7e997a7b080d5"},"headline":"A Porto Rotondo la presentazione dell\u2019Optimist ecologico Made in Sardegna","datePublished":"2023-09-21T20:01:50+00:00","dateModified":"2024-01-18T16:30:33+00:00","mainEntityOfPage":{"@id":"https:\/\/www.noxoceani.it\/en\/optimist-ecologico-presentazione\/"},"wordCount":465,"publisher":{"@id":"https:\/\/www.noxoceani.it\/#organization"},"image":{"@id":"https:\/\/www.noxoceani.it\/en\/optimist-ecologico-presentazione\/#primaryimage"},"thumbnailUrl":"https:\/\/www.noxoceani.it\/wp-content\/uploads\/2023\/09\/IMG_4957-scaled.jpeg","articleSection":["News"],"inLanguage":"en-US"},{"@type":"WebPage","@id":"https:\/\/www.noxoceani.it\/en\/optimist-ecologico-presentazione\/","url":"https:\/\/www.noxoceani.it\/en\/optimist-ecologico-presentazione\/","name":"A Porto Rotondo la presentazione dell\u2019Optimist ecologico Made in Sardegna - Nox Oceani","isPartOf":{"@id":"https:\/\/www.noxoceani.it\/#website"},"primaryImageOfPage":{"@id":"https:\/\/www.noxoceani.it\/en\/optimist-ecologico-presentazione\/#primaryimage"},"image":{"@id":"https:\/\/www.noxoceani.it\/en\/optimist-ecologico-presentazione\/#primaryimage"},"thumbnailUrl":"https:\/\/www.noxoceani.it\/wp-content\/uploads\/2023\/09\/IMG_4957-scaled.jpeg","datePublished":"2023-09-21T20:01:50+00:00","dateModified":"2024-01-18T16:30:33+00:00","description":"Oggi l\u2019Optimist ecologico a impatto zero \u00e8 una realt\u00e0. La barca \u00e8 costruita in fibra di basalto laminata con resina di origine vegetale.","breadcrumb":{"@id":"https:\/\/www.noxoceani.it\/en\/optimist-ecologico-presentazione\/#breadcrumb"},"inLanguage":"en-US","potentialAction":[{"@type":"ReadAction","target":["https:\/\/www.noxoceani.it\/en\/optimist-ecologico-presentazione\/"]}]},{"@type":"ImageObject","inLanguage":"en-US","@id":"https:\/\/www.noxoceani.it\/en\/optimist-ecologico-presentazione\/#primaryimage","url":"https:\/\/www.noxoceani.it\/wp-content\/uploads\/2023\/09\/IMG_4957-scaled.jpeg","contentUrl":"https:\/\/www.noxoceani.it\/wp-content\/uploads\/2023\/09\/IMG_4957-scaled.jpeg","width":2560,"height":1613},{"@type":"BreadcrumbList","@id":"https:\/\/www.noxoceani.it\/en\/optimist-ecologico-presentazione\/#breadcrumb","itemListElement":[{"@type":"ListItem","position":1,"name":"Home","item":"https:\/\/www.noxoceani.it\/en\/"},{"@type":"ListItem","position":2,"name":"A Porto Rotondo la presentazione dell\u2019Optimist ecologico Made in Sardegna"}]},{"@type":"WebSite","@id":"https:\/\/www.noxoceani.it\/#website","url":"https:\/\/www.noxoceani.it\/","name":"Nox Oceani","description":"Rispetto dell&#039;ambiente tramite la vela","publisher":{"@id":"https:\/\/www.noxoceani.it\/#organization"},"potentialAction":[{"@type":"SearchAction","target":{"@type":"EntryPoint","urlTemplate":"https:\/\/www.noxoceani.it\/?s={search_term_string}"},"query-input":{"@type":"PropertyValueSpecification","valueRequired":true,"valueName":"search_term_string"}}],"inLanguage":"en-US"},{"@type":"Organization","@id":"https:\/\/www.noxoceani.it\/#organization","name":"Nox Oceani","alternateName":"Nox Oceani","url":"https:\/\/www.noxoceani.it\/","logo":{"@type":"ImageObject","inLanguage":"en-US","@id":"https:\/\/www.noxoceani.it\/#\/schema\/logo\/image\/","url":"https:\/\/www.noxoceani.it\/wp-content\/uploads\/2023\/01\/nox-logo.png","contentUrl":"https:\/\/www.noxoceani.it\/wp-content\/uploads\/2023\/01\/nox-logo.png","width":500,"height":500,"caption":"Nox Oceani"},"image":{"@id":"https:\/\/www.noxoceani.it\/#\/schema\/logo\/image\/"}},{"@type":"Person","@id":"https:\/\/www.noxoceani.it\/#\/schema\/person\/b67400d9451b004cebd7e997a7b080d5","name":"Nox Oceani","image":{"@type":"ImageObject","inLanguage":"en-US","@id":"https:\/\/www.noxoceani.it\/#\/schema\/person\/image\/","url":"https:\/\/www.noxoceani.it\/wp-content\/uploads\/2023\/01\/favicon-120x120.jpg","contentUrl":"https:\/\/www.noxoceani.it\/wp-content\/uploads\/2023\/01\/favicon-120x120.jpg","caption":"Nox Oceani"},"sameAs":["https:\/\/www.noxoceani.it"],"url":"https:\/\/www.noxoceani.it\/en\/author\/n0x0c34n1\/"}]}},"_links":{"self":[{"href":"https:\/\/www.noxoceani.it\/en\/wp-json\/wp\/v2\/posts\/24385","targetHints":{"allow":["GET"]}}],"collection":[{"href":"https:\/\/www.noxoceani.it\/en\/wp-json\/wp\/v2\/posts"}],"about":[{"href":"https:\/\/www.noxoceani.it\/en\/wp-json\/wp\/v2\/types\/post"}],"author":[{"embeddable":true,"href":"https:\/\/www.noxoceani.it\/en\/wp-json\/wp\/v2\/users\/1"}],"replies":[{"embeddable":true,"href":"https:\/\/www.noxoceani.it\/en\/wp-json\/wp\/v2\/comments?post=24385"}],"version-history":[{"count":1,"href":"https:\/\/www.noxoceani.it\/en\/wp-json\/wp\/v2\/posts\/24385\/revisions"}],"predecessor-version":[{"id":24386,"href":"https:\/\/www.noxoceani.it\/en\/wp-json\/wp\/v2\/posts\/24385\/revisions\/24386"}],"wp:featuredmedia":[{"embeddable":true,"href":"https:\/\/www.noxoceani.it\/en\/wp-json\/wp\/v2\/media\/23679"}],"wp:attachment":[{"href":"https:\/\/www.noxoceani.it\/en\/wp-json\/wp\/v2\/media?parent=24385"}],"wp:term":[{"taxonomy":"category","embeddable":true,"href":"https:\/\/www.noxoceani.it\/en\/wp-json\/wp\/v2\/categories?post=24385"},{"taxonomy":"post_tag","embeddable":true,"href":"https:\/\/www.noxoceani.it\/en\/wp-json\/wp\/v2\/tags?post=24385"}],"curies":[{"name":"wp","href":"https:\/\/api.w.org\/{rel}","templated":true}]}}